{"id":3643,"date":"2023-05-31T10:20:12","date_gmt":"2023-05-31T08:20:12","guid":{"rendered":"https:\/\/agora.xtec.cat\/escjoanblanquer\/?p=3643"},"modified":"2023-05-31T10:37:13","modified_gmt":"2023-05-31T08:37:13","slug":"els-bitxos-di3-construeixen-un-hotel-dinsectes","status":"publish","type":"post","link":"https:\/\/agora.xtec.cat\/escjoanblanquer\/general\/els-bitxos-di3-construeixen-un-hotel-dinsectes\/","title":{"rendered":"Els \u201cbitxos\u201d d\u2019I3 construeixen un hotel d\u2019insectes!\u00a0"},"content":{"rendered":"<p><strong>Sab\u00edeu que a la nostra escola hi tenim un \u201chotel\u201d d\u2019insectes? <\/strong><strong>Els nens i nenes d&#8217;I3 n\u2019han creat un i \u00e9s molt interessant de veure.\u00a0<\/strong><\/p>\n<p>En aquest article, us explicar\u00e9 qu\u00e8 \u00e9s un hotel d\u2019insectes, per a qu\u00e8 serveix i tamb\u00e9 com el van construir a la classe d\u2019I3 del Joan blanquer.<\/p>\n<p>Els principals ocupants dels \u201chotels\u201d d\u2019insectes s\u00f3n les abelles i les vespes solit\u00e0ries, tot i que tamb\u00e9 hi venen altres insectes com les marietes. Les abelles i vespes solit\u00e0ries necessiten \u201cforats\u201d i llocs per a construir les seves cel\u00b7les. A la naturalesa, normalment busquen aquests \u201cforats\u201d en la fusta morta, per\u00f2 nosaltres llencem pr\u00e0cticament tota la fusta morta, i aix\u00f2 causa un gran impacte a les esp\u00e8cies que necessiten els \u201cforats\u201d. Els \u201chotels\u201d d\u2019insectes s\u00f3n una forma de compensar la manca de \u201cforats\u201d naturals aportant-los de forma artificial.<\/p>\n<p>Un dia de pati com tants d\u2019altres al Joan Blanquer, un nen de la classe d\u2019I3 va trepitjar una formiga, una nena que ho va veure es va preocupar per la formiga i aix\u00f2 va provocar un debat amb tota la classe sobre els insectes. Gr\u00e0cies a aquest debat van descobrir que es podia construir un \u201chotel\u201d d\u2019insectes, van buscar informaci\u00f3 i van decidir construir-ne un que es quedaria instal\u00b7lat en el pati de l\u2019escola.<\/p>\n<p>El material utilitzat per fer l\u2019hotel \u00e9s reciclat: una caixa de fusta, rotllos de paper de v\u00e0ter, oueres, pinyes, totxos\u2026 Tamb\u00e9 es va fer un mural que est\u00e0 penjat a la classe on es va recollir tot el proc\u00e9s de creaci\u00f3 i cada nen i nena va poder fer un dibuix relacionat amb el treball que estaven fent.<\/p>\n<p>Tot i que alguns cops ens puguin fer por o angunia alguns insectes, tenen dret a qu\u00e8 els cuidem, ja que som els humans els que els hi traiem els h\u00e0bitats naturals on necessiten viure. A m\u00e9s a m\u00e9s, els insectes ens poden ajudar a mantenir a ratlla algunes plagues i afavoreixen la pol\u00b7linitzaci\u00f3 de les flors, per aix\u00f2 els \u201chotels\u201d d\u2019insectes s\u00f3n molt beneficiosos per a augmentar la biodiversitat.<\/p>\n<p>Els nens i nenes d\u2019I3 han fet un gran treball on han apr\u00e8s a observar, a reflexionar sobre la vida d\u2019alguns insectes i a desenvolupar la seva creativitat per a construir \u201cl\u2019hotel\u201d.<\/p>\n<p>Tant de bo aquesta iniciativa ens serveixi per a cuidar tot el nostre m\u00f3n.<span style=\"font-family: inherit; font-size: 1em;\">\u00a0<\/span><\/p>\n<p><img loading=\"lazy\" decoding=\"async\" class=\"alignnone size-full wp-image-3644\" style=\"font-family: inherit; font-size: 1em;\" src=\"https:\/\/agora.xtec.cat\/escjoanblanquer\/wp-content\/uploads\/usu28\/2023\/05\/foto-article-hotel.jpg\" alt=\"\" width=\"850\" height=\"265\" srcset=\"https:\/\/agora.xtec.cat\/escjoanblanquer\/wp-content\/uploads\/usu28\/2023\/05\/foto-article-hotel.jpg 850w, https:\/\/agora.xtec.cat\/escjoanblanquer\/wp-content\/uploads\/usu28\/2023\/05\/foto-article-hotel-300x94.jpg 300w, https:\/\/agora.xtec.cat\/escjoanblanquer\/wp-content\/uploads\/usu28\/2023\/05\/foto-article-hotel-768x239.jpg 768w\" sizes=\"auto, (max-width: 850px) 100vw, 850px\" \/><\/p>\n<p>Article escrit per l&#8217;Aran Morillo, alumna de 6\u00e8.<\/p>\n","protected":false},"excerpt":{"rendered":"<p>Sab\u00edeu que a la nostra escola hi tenim un \u201chotel\u201d d\u2019insectes? Els nens i nenes d&#8217;I3 n\u2019han creat un i \u00e9s molt interessant de veure.\u00a0<br \/>\nEn aquest article, us explicar\u00e9 qu\u00e8 \u00e9s un hotel d\u2019insectes, per a qu\u00e8 serveix i tamb\u00e9 com el van construir a&hellip;  <a href=\"https:\/\/agora.xtec.cat\/escjoanblanquer\/general\/els-bitxos-di3-construeixen-un-hotel-dinsectes\/\" title=\"Read Els \u201cbitxos\u201d d\u2019I3 construeixen un hotel d\u2019insectes!\u00a0\">Llegeix m\u00e9s\u00bb<\/a><\/p>\n","protected":false},"author":1,"featured_media":3650,"comment_status":"open","ping_status":"closed","sticky":false,"template":"","format":"standard","meta":{"_bbp_topic_count":0,"_bbp_reply_count":0,"_bbp_total_topic_count":0,"_bbp_total_reply_count":0,"_bbp_voice_count":0,"_bbp_anonymous_reply_count":0,"_bbp_topic_count_hidden":0,"_bbp_reply_count_hidden":0,"_bbp_forum_subforum_count":0,"footnotes":""},"categories":[1,61,4],"tags":[],"class_list":["post-3643","post","type-post","status-publish","format-standard","has-post-thumbnail","hentry","category-general","category-inici","category-portada"],"post_mailing_queue_ids":[],"_links":{"self":[{"href":"https:\/\/agora.xtec.cat\/escjoanblanquer\/wp-json\/wp\/v2\/posts\/3643","targetHints":{"allow":["GET"]}}],"collection":[{"href":"https:\/\/agora.xtec.cat\/escjoanblanquer\/wp-json\/wp\/v2\/posts"}],"about":[{"href":"https:\/\/agora.xtec.cat\/escjoanblanquer\/wp-json\/wp\/v2\/types\/post"}],"author":[{"embeddable":true,"href":"https:\/\/agora.xtec.cat\/escjoanblanquer\/wp-json\/wp\/v2\/users\/1"}],"replies":[{"embeddable":true,"href":"https:\/\/agora.xtec.cat\/escjoanblanquer\/wp-json\/wp\/v2\/comments?post=3643"}],"version-history":[{"count":3,"href":"https:\/\/agora.xtec.cat\/escjoanblanquer\/wp-json\/wp\/v2\/posts\/3643\/revisions"}],"predecessor-version":[{"id":3651,"href":"https:\/\/agora.xtec.cat\/escjoanblanquer\/wp-json\/wp\/v2\/posts\/3643\/revisions\/3651"}],"wp:featuredmedia":[{"embeddable":true,"href":"https:\/\/agora.xtec.cat\/escjoanblanquer\/wp-json\/wp\/v2\/media\/3650"}],"wp:attachment":[{"href":"https:\/\/agora.xtec.cat\/escjoanblanquer\/wp-json\/wp\/v2\/media?parent=3643"}],"wp:term":[{"taxonomy":"category","embeddable":true,"href":"https:\/\/agora.xtec.cat\/escjoanblanquer\/wp-json\/wp\/v2\/categories?post=3643"},{"taxonomy":"post_tag","embeddable":true,"href":"https:\/\/agora.xtec.cat\/escjoanblanquer\/wp-json\/wp\/v2\/tags?post=3643"}],"curies":[{"name":"wp","href":"https:\/\/api.w.org\/{rel}","templated":true}]}}