{"id":3600,"date":"2023-03-02T13:46:59","date_gmt":"2023-03-02T12:46:59","guid":{"rendered":"https:\/\/agora.xtec.cat\/escjoanblanquer\/?p=3600"},"modified":"2023-03-02T13:52:24","modified_gmt":"2023-03-02T12:52:24","slug":"la-gresca-arriba-al-joan-blanquer","status":"publish","type":"post","link":"https:\/\/agora.xtec.cat\/escjoanblanquer\/general\/la-gresca-arriba-al-joan-blanquer\/","title":{"rendered":"LA GRESCA ARRIBA AL JOAN BLANQUER"},"content":{"rendered":"<p>El passat divendres 17 de febrer, a l\u2019escola Joan Blanquer es va celebrar la festa de Carnestoltes. Tota aquella setmana ja va ser una festa pels nens i nenes de l\u2019escola perqu\u00e8 cada dia van haver de fer una consigna de part del Rei Carnestoltes, que va arribar als ordinadors de totes les fam\u00edlies.<\/p>\n<p>El Rei Carnestoltes \u00e9s un personatge \ufb01ctici i se\u2019l relaciona amb la disbauxa, la burla i la festa. Habitualment \u00e9s representat per un actor o actriu que porta un vestuari exagerat i divertit, per\u00f2 a Castellar, el nostre Carnestoltes est\u00e0 disfressat amb un capgr\u00f2s i l\u2019anomenem Toltes Papallongues.<\/p>\n<p>Com marca la tradici\u00f3, el Joan Blanquer celebra el Carnaval fent una des\ufb01lada al pati de l\u2019escola, el divendres a la tarda, on tots els nens i nenes van disfressats i ballen m\u00fasiques divertides i alegres davant de les fam\u00edlies i amics que ho venen a veure.<\/p>\n<p>Aquest any, en una tarda assolellada, es van poder veure disfresses de tota mena: princeses, superherois, cuineres, vaqueres, indis, astronautes, fades, monstres, ballarines, bombers\u2026 i per fer el moment m\u00e9s divertit, totes les mestres es van disfressar de pirates!<\/p>\n<p>Es van fer tres balls des dels m\u00e9s petits \ufb01ns als m\u00e9s grans de l\u2019escola i tot seguit pares, mares, germans, germanes, avis, \u00e0vies, tiets, tietes\u2026 i \ufb01ns i tot exalumnes, van poder gaudir d\u2019una estona de m\u00fasica i diversi\u00f3.<\/p>\n<p>Un cop l\u2019any fem aquesta gran festa, i per aix\u00f2 el Joan Blanquer s\u2019omple de gresca!<\/p>\n<p><strong><em>Article escrit per l&#8217;Aran Morillo Gatell, alumna de 6\u00e8.<\/em><\/strong><\/p>\n<p><em>1 de mar\u00e7 de 2023<\/em><\/p>\n<p><img loading=\"lazy\" decoding=\"async\" class=\"alignnone size-large wp-image-3601\" src=\"https:\/\/agora.xtec.cat\/escjoanblanquer\/wp-content\/uploads\/usu28\/2023\/03\/IMG-20230217-WA0036-1024x768.jpg\" alt=\"\" width=\"1024\" height=\"768\" srcset=\"https:\/\/agora.xtec.cat\/escjoanblanquer\/wp-content\/uploads\/usu28\/2023\/03\/IMG-20230217-WA0036-1024x768.jpg 1024w, https:\/\/agora.xtec.cat\/escjoanblanquer\/wp-content\/uploads\/usu28\/2023\/03\/IMG-20230217-WA0036-300x225.jpg 300w, https:\/\/agora.xtec.cat\/escjoanblanquer\/wp-content\/uploads\/usu28\/2023\/03\/IMG-20230217-WA0036-768x576.jpg 768w, https:\/\/agora.xtec.cat\/escjoanblanquer\/wp-content\/uploads\/usu28\/2023\/03\/IMG-20230217-WA0036-1536x1152.jpg 1536w, https:\/\/agora.xtec.cat\/escjoanblanquer\/wp-content\/uploads\/usu28\/2023\/03\/IMG-20230217-WA0036-200x150.jpg 200w, https:\/\/agora.xtec.cat\/escjoanblanquer\/wp-content\/uploads\/usu28\/2023\/03\/IMG-20230217-WA0036.jpg 1600w\" sizes=\"auto, (max-width: 1024px) 100vw, 1024px\" \/><\/p>\n<p><img loading=\"lazy\" decoding=\"async\" class=\"alignnone size-large wp-image-3602\" src=\"https:\/\/agora.xtec.cat\/escjoanblanquer\/wp-content\/uploads\/usu28\/2023\/03\/IMG-20230217-WA0047-1-1024x461.jpg\" alt=\"\" width=\"1024\" height=\"461\" srcset=\"https:\/\/agora.xtec.cat\/escjoanblanquer\/wp-content\/uploads\/usu28\/2023\/03\/IMG-20230217-WA0047-1-1024x461.jpg 1024w, https:\/\/agora.xtec.cat\/escjoanblanquer\/wp-content\/uploads\/usu28\/2023\/03\/IMG-20230217-WA0047-1-300x135.jpg 300w, https:\/\/agora.xtec.cat\/escjoanblanquer\/wp-content\/uploads\/usu28\/2023\/03\/IMG-20230217-WA0047-1-768x346.jpg 768w, https:\/\/agora.xtec.cat\/escjoanblanquer\/wp-content\/uploads\/usu28\/2023\/03\/IMG-20230217-WA0047-1-1536x691.jpg 1536w, https:\/\/agora.xtec.cat\/escjoanblanquer\/wp-content\/uploads\/usu28\/2023\/03\/IMG-20230217-WA0047-1.jpg 1600w\" sizes=\"auto, (max-width: 1024px) 100vw, 1024px\" \/><\/p>\n","protected":false},"excerpt":{"rendered":"<p>El passat divendres 17 de febrer, a l\u2019escola Joan Blanquer es va celebrar la festa de Carnestoltes. Tota aquella setmana ja va ser una festa pels nens i nenes de l\u2019escola perqu\u00e8 cada dia van haver de fer una consigna de part del Rei Carnestoltes,&hellip;  <a href=\"https:\/\/agora.xtec.cat\/escjoanblanquer\/general\/la-gresca-arriba-al-joan-blanquer\/\" title=\"Read LA GRESCA ARRIBA AL JOAN BLANQUER\">Llegeix m\u00e9s\u00bb<\/a><\/p>\n","protected":false},"author":1,"featured_media":3607,"comment_status":"open","ping_status":"closed","sticky":false,"template":"","format":"standard","meta":{"_bbp_topic_count":0,"_bbp_reply_count":0,"_bbp_total_topic_count":0,"_bbp_total_reply_count":0,"_bbp_voice_count":0,"_bbp_anonymous_reply_count":0,"_bbp_topic_count_hidden":0,"_bbp_reply_count_hidden":0,"_bbp_forum_subforum_count":0,"footnotes":""},"categories":[1,61,4],"tags":[],"class_list":["post-3600","post","type-post","status-publish","format-standard","has-post-thumbnail","hentry","category-general","category-inici","category-portada"],"post_mailing_queue_ids":[],"_links":{"self":[{"href":"https:\/\/agora.xtec.cat\/escjoanblanquer\/wp-json\/wp\/v2\/posts\/3600","targetHints":{"allow":["GET"]}}],"collection":[{"href":"https:\/\/agora.xtec.cat\/escjoanblanquer\/wp-json\/wp\/v2\/posts"}],"about":[{"href":"https:\/\/agora.xtec.cat\/escjoanblanquer\/wp-json\/wp\/v2\/types\/post"}],"author":[{"embeddable":true,"href":"https:\/\/agora.xtec.cat\/escjoanblanquer\/wp-json\/wp\/v2\/users\/1"}],"replies":[{"embeddable":true,"href":"https:\/\/agora.xtec.cat\/escjoanblanquer\/wp-json\/wp\/v2\/comments?post=3600"}],"version-history":[{"count":3,"href":"https:\/\/agora.xtec.cat\/escjoanblanquer\/wp-json\/wp\/v2\/posts\/3600\/revisions"}],"predecessor-version":[{"id":3613,"href":"https:\/\/agora.xtec.cat\/escjoanblanquer\/wp-json\/wp\/v2\/posts\/3600\/revisions\/3613"}],"wp:featuredmedia":[{"embeddable":true,"href":"https:\/\/agora.xtec.cat\/escjoanblanquer\/wp-json\/wp\/v2\/media\/3607"}],"wp:attachment":[{"href":"https:\/\/agora.xtec.cat\/escjoanblanquer\/wp-json\/wp\/v2\/media?parent=3600"}],"wp:term":[{"taxonomy":"category","embeddable":true,"href":"https:\/\/agora.xtec.cat\/escjoanblanquer\/wp-json\/wp\/v2\/categories?post=3600"},{"taxonomy":"post_tag","embeddable":true,"href":"https:\/\/agora.xtec.cat\/escjoanblanquer\/wp-json\/wp\/v2\/tags?post=3600"}],"curies":[{"name":"wp","href":"https:\/\/api.w.org\/{rel}","templated":true}]}}