{"id":3580,"date":"2023-02-27T16:55:50","date_gmt":"2023-02-27T15:55:50","guid":{"rendered":"https:\/\/agora.xtec.cat\/escjoanblanquer\/?p=3580"},"modified":"2023-07-18T14:31:34","modified_gmt":"2023-07-18T12:31:34","slug":"calendari-de-preinscripcio-i-matricula-pel-curs-2023-2024","status":"publish","type":"post","link":"https:\/\/agora.xtec.cat\/escjoanblanquer\/general\/calendari-de-preinscripcio-i-matricula-pel-curs-2023-2024\/","title":{"rendered":"CALENDARI DE PREINSCRIPCI\u00d3 I MATR\u00cdCULA PEL CURS 2023-2024"},"content":{"rendered":"<p><strong>DATES DE PREINSCRIPCI\u00d3:<\/strong> del 6 al 20 de mar\u00e7 del 2023<\/p>\n<p><strong>DATES DE MATR\u00cdCULA:<\/strong> del 20 al 28 de juny del 2023<\/p>\n<p><img loading=\"lazy\" decoding=\"async\" class=\"alignnone size-full wp-image-3585\" src=\"https:\/\/agora.xtec.cat\/escjoanblanquer\/wp-content\/uploads\/usu28\/2023\/02\/preinscripcio.jpg\" alt=\"\" width=\"582\" height=\"568\" srcset=\"https:\/\/agora.xtec.cat\/escjoanblanquer\/wp-content\/uploads\/usu28\/2023\/02\/preinscripcio.jpg 582w, https:\/\/agora.xtec.cat\/escjoanblanquer\/wp-content\/uploads\/usu28\/2023\/02\/preinscripcio-300x293.jpg 300w\" sizes=\"auto, (max-width: 582px) 100vw, 582px\" \/><\/p>\n<p><em><strong>ENLLA\u00c7OS D&#8217;INTER\u00c8S:<\/strong><\/em><\/p>\n<p><strong>Llista d&#8217;admesos:<\/strong><\/p>\n<p><a href=\"https:\/\/agora.xtec.cat\/escjoanblanquer\/wp-content\/uploads\/usu28\/2023\/02\/INFORME_PREINSCRITES_OME_INFORME_PREINSCRITES_OME.pdf\">INFORME_PREINSCRITES_OME_INFORME_PREINSCRITES_OME<\/a><\/p>\n<p><strong>Llista d&#8217;espera:<\/strong><\/p>\n<p><a href=\"https:\/\/agora.xtec.cat\/escjoanblanquer\/wp-content\/uploads\/usu28\/2023\/02\/INFORME_LLISTA_ESPERA_OME_LLISTA_ESPERA.pdf\">INFORME_LLISTA_ESPERA_OME_LLISTA_ESPERA<\/a><\/p>\n<p><strong>Enlla\u00e7 a la llista d&#8217;admesos:<\/strong><\/p>\n<p><a href=\"https:\/\/preinscripcio.gencat.cat\/ca\/estudis\/infantil-3-6\/preinscriute\/consulta\/llista-admesos\/index.html\">https:\/\/preinscripcio.gencat.cat\/ca\/estudis\/infantil-3-6\/preinscriute\/consulta\/llista-admesos\/index.html<\/a><\/p>\n<p><strong>Llista de sol\u00b7licituds ordenada:<\/strong><\/p>\n<p><a href=\"https:\/\/agora.xtec.cat\/escjoanblanquer\/wp-content\/uploads\/usu28\/2023\/02\/08062614ESCJoanBlanquer20230511_barem_llista_ordenada-1.pdf\">08062614ESCJoanBlanquer20230511_barem_llista_ordenada<\/a><\/p>\n<p><strong>Llistat amb puntuaci\u00f3 resoltes les reclamacions i n\u00famero de desempat:<\/strong><\/p>\n<p><a href=\"https:\/\/agora.xtec.cat\/escjoanblanquer\/wp-content\/uploads\/usu28\/2023\/02\/08062614_ESCJoanBlanquer_2023-24_puntuacio_resoltes_reclamacions_num_desempat.pdf\">08062614_ESCJoanBlanquer_2023-24_puntuaci\u00f3_resoltes_reclamacions_n\u00fam_desempat<\/a><\/p>\n<p><strong>Llistat barem provisional:<\/strong><\/p>\n<p><a href=\"https:\/\/agora.xtec.cat\/escjoanblanquer\/wp-content\/uploads\/usu28\/2023\/02\/08062614ESCJoanBlanquer20232024_barem_provisional.pdf\">08062614ESCJoanBlanquer20232024_barem_provisional<\/a><\/p>\n<p><strong>Oferta inicial de places:<\/strong><\/p>\n<p><a href=\"https:\/\/agora.xtec.cat\/escjoanblanquer\/general\/oferta-inicial-de-places-curs-23-24\/\">https:\/\/agora.xtec.cat\/escjoanblanquer\/general\/oferta-inicial-de-places-curs-23-24\/<\/a><\/p>\n<p style=\"font-family: 'Helvetica Neue', Helvetica, Helvetica, Arial, sans-serif; font-size: 16px;\"><strong>Formulari de sol\u00b7licitud<\/strong>:<\/p>\n<p><a href=\"https:\/\/preinscripcio.gencat.cat\/ca\/estudis\/infantil-3-6\/preinscriute\/sollicitud\/\">https:\/\/preinscripcio.gencat.cat\/ca\/estudis\/infantil-3-6\/preinscriute\/sollicitud\/<\/a><\/p>\n<p><strong>Tota la informaci\u00f3 del Departament<\/strong>:<\/p>\n<p><a href=\"https:\/\/preinscripcio.gencat.cat\/ca\/estudis\/infantil-3-6\/inici\/\">https:\/\/preinscripcio.gencat.cat\/ca\/estudis\/infantil-3-6\/inici\/<\/a><\/p>\n","protected":false},"excerpt":{"rendered":"<p>DATES DE PREINSCRIPCI\u00d3: del 6 al 20 de mar\u00e7 del 2023<br \/>\nDATES DE MATR\u00cdCULA: del 20 al 28 de juny del 2023<\/p>\n<p>ENLLA\u00c7OS D&#8217;INTER\u00c8S:<br \/>\nLlista d&#8217;admesos:<br \/>\n<a href=\"https:\/\/agora.xtec.cat\/escjoanblanquer\/wp-content\/uploads\/usu28\/2023\/02\/INFORME_PREINSCRITES_OME_INFORME_PREINSCRITES_OME.pdf\">INFORME_PREINSCRITES_OME_INFORME_PREINSCRITES_OME<\/a><br \/>\nLlista d&#8217;espera:<br \/>\n<a href=\"https:\/\/agora.xtec.cat\/escjoanblanquer\/wp-content\/uploads\/usu28\/2023\/02\/INFORME_LLISTA_ESPERA_OME_LLISTA_ESPERA.pdf\">INFORME_LLISTA_ESPERA_OME_LLISTA_ESPERA<\/a><br \/>\nEnlla\u00e7 a la llista d&#8217;admesos:<br \/>\n<a href=\"https:\/\/preinscripcio.gencat.cat\/ca\/estudis\/infantil-3-6\/preinscriute\/consulta\/llista-admesos\/index.html\">https:\/\/preinscripcio.gencat.cat\/ca\/estudis\/infantil-3-6\/preinscriute\/consulta\/llista-admesos\/index.html<\/a><br \/>\nLlista de sol\u00b7licituds ordenada:<br \/>\n<a href=\"https:\/\/agora.xtec.cat\/escjoanblanquer\/wp-content\/uploads\/usu28\/2023\/02\/08062614ESCJoanBlanquer20230511_barem_llista_ordenada-1.pdf\">08062614ESCJoanBlanquer20230511_barem_llista_ordenada<\/a><br \/>\nLlistat amb puntuaci\u00f3 resoltes les reclamacions i n\u00famero de desempat:<br \/>\n<a href=\"https:\/\/agora.xtec.cat\/escjoanblanquer\/wp-content\/uploads\/usu28\/2023\/02\/08062614_ESCJoanBlanquer_2023-24_puntuacio_resoltes_reclamacions_num_desempat.pdf\">08062614_ESCJoanBlanquer_2023-24_puntuaci\u00f3_resoltes_reclamacions_n\u00fam_desempat<\/a><br \/>\nLlistat&hellip;  <a href=\"https:\/\/agora.xtec.cat\/escjoanblanquer\/general\/calendari-de-preinscripcio-i-matricula-pel-curs-2023-2024\/\" title=\"Read CALENDARI DE PREINSCRIPCI\u00d3 I MATR\u00cdCULA PEL CURS 2023-2024\">Llegeix m\u00e9s\u00bb<\/a><\/p>\n","protected":false},"author":1,"featured_media":3598,"comment_status":"open","ping_status":"closed","sticky":false,"template":"","format":"standard","meta":{"_bbp_topic_count":0,"_bbp_reply_count":0,"_bbp_total_topic_count":0,"_bbp_total_reply_count":0,"_bbp_voice_count":0,"_bbp_anonymous_reply_count":0,"_bbp_topic_count_hidden":0,"_bbp_reply_count_hidden":0,"_bbp_forum_subforum_count":0,"footnotes":""},"categories":[1,61,4],"tags":[],"class_list":["post-3580","post","type-post","status-publish","format-standard","has-post-thumbnail","hentry","category-general","category-inici","category-portada"],"post_mailing_queue_ids":[],"_links":{"self":[{"href":"https:\/\/agora.xtec.cat\/escjoanblanquer\/wp-json\/wp\/v2\/posts\/3580","targetHints":{"allow":["GET"]}}],"collection":[{"href":"https:\/\/agora.xtec.cat\/escjoanblanquer\/wp-json\/wp\/v2\/posts"}],"about":[{"href":"https:\/\/agora.xtec.cat\/escjoanblanquer\/wp-json\/wp\/v2\/types\/post"}],"author":[{"embeddable":true,"href":"https:\/\/agora.xtec.cat\/escjoanblanquer\/wp-json\/wp\/v2\/users\/1"}],"replies":[{"embeddable":true,"href":"https:\/\/agora.xtec.cat\/escjoanblanquer\/wp-json\/wp\/v2\/comments?post=3580"}],"version-history":[{"count":4,"href":"https:\/\/agora.xtec.cat\/escjoanblanquer\/wp-json\/wp\/v2\/posts\/3580\/revisions"}],"predecessor-version":[{"id":3673,"href":"https:\/\/agora.xtec.cat\/escjoanblanquer\/wp-json\/wp\/v2\/posts\/3580\/revisions\/3673"}],"wp:featuredmedia":[{"embeddable":true,"href":"https:\/\/agora.xtec.cat\/escjoanblanquer\/wp-json\/wp\/v2\/media\/3598"}],"wp:attachment":[{"href":"https:\/\/agora.xtec.cat\/escjoanblanquer\/wp-json\/wp\/v2\/media?parent=3580"}],"wp:term":[{"taxonomy":"category","embeddable":true,"href":"https:\/\/agora.xtec.cat\/escjoanblanquer\/wp-json\/wp\/v2\/categories?post=3580"},{"taxonomy":"post_tag","embeddable":true,"href":"https:\/\/agora.xtec.cat\/escjoanblanquer\/wp-json\/wp\/v2\/tags?post=3580"}],"curies":[{"name":"wp","href":"https:\/\/api.w.org\/{rel}","templated":true}]}}