{"id":3469,"date":"2022-06-07T11:00:52","date_gmt":"2022-06-07T09:00:52","guid":{"rendered":"https:\/\/agora.xtec.cat\/escjoanblanquer\/?p=3469"},"modified":"2022-06-07T11:00:52","modified_gmt":"2022-06-07T09:00:52","slug":"escape-room-retorn-a-la-terra","status":"publish","type":"post","link":"https:\/\/agora.xtec.cat\/escjoanblanquer\/general\/escape-room-retorn-a-la-terra\/","title":{"rendered":"Escape room: Retorn a la Terra"},"content":{"rendered":"<p>Fa unes setmanes, els alumnes de Cicle Superior van realitzar una activitat anomenada &#8220;<strong>Retorn a la Terra<\/strong>&#8221; on, mitjan\u00e7ant un joc d&#8217;escapament que tenia com a fil conductor la recollida selectiva i la prevenci\u00f3 de residus, l&#8217;alumnat va resoldre diferents enigmes per poder sortir de la sala del joc.<\/p>\n<p>L&#8217;objectiu d&#8217;aquesta activitat va ser <strong>valorar la import\u00e0ncia de la correcta separaci\u00f3<\/strong> en origen <strong>i el benefici que s\u2019obt\u00e9 del reciclatge dels residus<\/strong> i fomentar el<strong> treball en grup<\/strong> i la <strong>participaci\u00f3<\/strong> activa de l\u2019alumnat.<\/p>\n<p>L&#8217;alumnat de Cicle Superior va adonar-se&#8217;n del consumisme i el materialisme que han portat a l\u2019esgotament dels recursos naturals i la gana i desnutrici\u00f3 de la societat occidental. Aquests fets han perm\u00e8s que els nens i nenes siguin una mica m\u00e9s conscients sobre la necessitat de fer un consum responsable i de separar i reciclar els residus que generem.<\/p>\n<p>Fotos:\u00a0<a href=\"https:\/\/photos.app.goo.gl\/9XVcjrfFbsHs8Ges8\">https:\/\/photos.app.goo.gl\/9XVcjrfFbsHs8Ges8<\/a><\/p>\n","protected":false},"excerpt":{"rendered":"<p>Fa unes setmanes, els alumnes de Cicle Superior van realitzar una activitat anomenada &#8220;Retorn a la Terra&#8221; on, mitjan\u00e7ant un joc d&#8217;escapament que tenia com a fil conductor la recollida selectiva i la prevenci\u00f3 de residus, l&#8217;alumnat va resoldre diferents enigmes per poder sortir de&hellip;  <a href=\"https:\/\/agora.xtec.cat\/escjoanblanquer\/general\/escape-room-retorn-a-la-terra\/\" title=\"Read Escape room: Retorn a la Terra\">Llegeix m\u00e9s\u00bb<\/a><\/p>\n","protected":false},"author":23,"featured_media":3470,"comment_status":"open","ping_status":"closed","sticky":false,"template":"","format":"standard","meta":{"_bbp_topic_count":0,"_bbp_reply_count":0,"_bbp_total_topic_count":0,"_bbp_total_reply_count":0,"_bbp_voice_count":0,"_bbp_anonymous_reply_count":0,"_bbp_topic_count_hidden":0,"_bbp_reply_count_hidden":0,"_bbp_forum_subforum_count":0,"footnotes":""},"categories":[14,15,1,4,5],"tags":[],"class_list":["post-3469","post","type-post","status-publish","format-standard","has-post-thumbnail","hentry","category-5e","category-6e","category-general","category-portada","category-primaria"],"post_mailing_queue_ids":[],"_links":{"self":[{"href":"https:\/\/agora.xtec.cat\/escjoanblanquer\/wp-json\/wp\/v2\/posts\/3469","targetHints":{"allow":["GET"]}}],"collection":[{"href":"https:\/\/agora.xtec.cat\/escjoanblanquer\/wp-json\/wp\/v2\/posts"}],"about":[{"href":"https:\/\/agora.xtec.cat\/escjoanblanquer\/wp-json\/wp\/v2\/types\/post"}],"author":[{"embeddable":true,"href":"https:\/\/agora.xtec.cat\/escjoanblanquer\/wp-json\/wp\/v2\/users\/23"}],"replies":[{"embeddable":true,"href":"https:\/\/agora.xtec.cat\/escjoanblanquer\/wp-json\/wp\/v2\/comments?post=3469"}],"version-history":[{"count":1,"href":"https:\/\/agora.xtec.cat\/escjoanblanquer\/wp-json\/wp\/v2\/posts\/3469\/revisions"}],"predecessor-version":[{"id":3471,"href":"https:\/\/agora.xtec.cat\/escjoanblanquer\/wp-json\/wp\/v2\/posts\/3469\/revisions\/3471"}],"wp:featuredmedia":[{"embeddable":true,"href":"https:\/\/agora.xtec.cat\/escjoanblanquer\/wp-json\/wp\/v2\/media\/3470"}],"wp:attachment":[{"href":"https:\/\/agora.xtec.cat\/escjoanblanquer\/wp-json\/wp\/v2\/media?parent=3469"}],"wp:term":[{"taxonomy":"category","embeddable":true,"href":"https:\/\/agora.xtec.cat\/escjoanblanquer\/wp-json\/wp\/v2\/categories?post=3469"},{"taxonomy":"post_tag","embeddable":true,"href":"https:\/\/agora.xtec.cat\/escjoanblanquer\/wp-json\/wp\/v2\/tags?post=3469"}],"curies":[{"name":"wp","href":"https:\/\/api.w.org\/{rel}","templated":true}]}}