{"id":3389,"date":"2021-12-13T16:20:11","date_gmt":"2021-12-13T15:20:11","guid":{"rendered":"https:\/\/agora.xtec.cat\/escjoanblanquer\/?p=3389"},"modified":"2021-12-21T12:52:12","modified_gmt":"2021-12-21T11:52:12","slug":"tallers-de-robotica-i-pensament-computacional","status":"publish","type":"post","link":"https:\/\/agora.xtec.cat\/escjoanblanquer\/general\/tallers-de-robotica-i-pensament-computacional\/","title":{"rendered":"Tallers de rob\u00f2tica i pensament computacional"},"content":{"rendered":"<p>En aquest primer trimestre els alumnes de tots els cicles de prim\u00e0ria han fet un taller de rob\u00f2tica i pensament computacional. Durant aquest curs tots els alumnes de prim\u00e0ria faran un d&#8217;aquests tallers. Estem molt contents de la bona rebuda que han tingut per part del nostre alumnat. Cal dir que les maletes de &#8220;pensament computacional&#8221; cedides pel CRP de Castellar del Vall\u00e8s han estat molt \u00fatils per portar a terme aquest taller.<\/p>\n<figure class=\"figure wp-caption alignleft\"><a href=\"https:\/\/agora.xtec.cat\/escjoanblanquer\/wp-content\/uploads\/usu28\/2021\/12\/robotica2m.jpg\"><img loading=\"lazy\" decoding=\"async\" class=\"wp-image-3390 size-medium\" src=\"https:\/\/agora.xtec.cat\/escjoanblanquer\/wp-content\/uploads\/usu28\/2021\/12\/robotica2m-300x225.jpg\" alt=\"\" width=\"300\" height=\"225\" srcset=\"https:\/\/agora.xtec.cat\/escjoanblanquer\/wp-content\/uploads\/usu28\/2021\/12\/robotica2m-300x225.jpg 300w, https:\/\/agora.xtec.cat\/escjoanblanquer\/wp-content\/uploads\/usu28\/2021\/12\/robotica2m-1024x766.jpg 1024w, https:\/\/agora.xtec.cat\/escjoanblanquer\/wp-content\/uploads\/usu28\/2021\/12\/robotica2m-768x575.jpg 768w, https:\/\/agora.xtec.cat\/escjoanblanquer\/wp-content\/uploads\/usu28\/2021\/12\/robotica2m-1536x1150.jpg 1536w, https:\/\/agora.xtec.cat\/escjoanblanquer\/wp-content\/uploads\/usu28\/2021\/12\/robotica2m-200x150.jpg 200w, https:\/\/agora.xtec.cat\/escjoanblanquer\/wp-content\/uploads\/usu28\/2021\/12\/robotica2m.jpg 1634w\" sizes=\"auto, (max-width: 300px) 100vw, 300px\" \/><\/a><figcaption class=\"wp-caption-text\">Alumnes de 5\u00e8 utilitzant els Mbots<\/figcaption><\/figure>\n<p>&nbsp;<\/p>\n<p>Podeu veure\u00a0 la resta de fotos en aquest enlla\u00e7: <a href=\"https:\/\/drive.google.com\/drive\/folders\/1eoM8GNg-QHWLCxZqwKoM7E1DzfrNWOAm?usp=sharing\">https:\/\/drive.google.com\/drive\/folders\/1eoM8GNg-QHWLCxZqwKoM7E1DzfrNWOAm?usp=sharing<\/a><\/p>\n","protected":false},"excerpt":{"rendered":"<p>En aquest primer trimestre els alumnes de tots els cicles de prim\u00e0ria han fet un taller de rob\u00f2tica i pensament computacional. Durant aquest curs tots els alumnes de prim\u00e0ria faran un d&#8217;aquests tallers. Estem molt contents de la bona rebuda que han tingut per part&hellip;  <a href=\"https:\/\/agora.xtec.cat\/escjoanblanquer\/general\/tallers-de-robotica-i-pensament-computacional\/\" title=\"Read Tallers de rob\u00f2tica i pensament computacional\">Llegeix m\u00e9s\u00bb<\/a><\/p>\n","protected":false},"author":1,"featured_media":3390,"comment_status":"open","ping_status":"closed","sticky":false,"template":"","format":"standard","meta":{"_bbp_topic_count":0,"_bbp_reply_count":0,"_bbp_total_topic_count":0,"_bbp_total_reply_count":0,"_bbp_voice_count":0,"_bbp_anonymous_reply_count":0,"_bbp_topic_count_hidden":0,"_bbp_reply_count_hidden":0,"_bbp_forum_subforum_count":0,"footnotes":""},"categories":[11,12,14,1,61,4,5],"tags":[],"class_list":["post-3389","post","type-post","status-publish","format-standard","has-post-thumbnail","hentry","category-2n","category-3r","category-5e","category-general","category-inici","category-portada","category-primaria"],"post_mailing_queue_ids":[],"_links":{"self":[{"href":"https:\/\/agora.xtec.cat\/escjoanblanquer\/wp-json\/wp\/v2\/posts\/3389","targetHints":{"allow":["GET"]}}],"collection":[{"href":"https:\/\/agora.xtec.cat\/escjoanblanquer\/wp-json\/wp\/v2\/posts"}],"about":[{"href":"https:\/\/agora.xtec.cat\/escjoanblanquer\/wp-json\/wp\/v2\/types\/post"}],"author":[{"embeddable":true,"href":"https:\/\/agora.xtec.cat\/escjoanblanquer\/wp-json\/wp\/v2\/users\/1"}],"replies":[{"embeddable":true,"href":"https:\/\/agora.xtec.cat\/escjoanblanquer\/wp-json\/wp\/v2\/comments?post=3389"}],"version-history":[{"count":3,"href":"https:\/\/agora.xtec.cat\/escjoanblanquer\/wp-json\/wp\/v2\/posts\/3389\/revisions"}],"predecessor-version":[{"id":3394,"href":"https:\/\/agora.xtec.cat\/escjoanblanquer\/wp-json\/wp\/v2\/posts\/3389\/revisions\/3394"}],"wp:featuredmedia":[{"embeddable":true,"href":"https:\/\/agora.xtec.cat\/escjoanblanquer\/wp-json\/wp\/v2\/media\/3390"}],"wp:attachment":[{"href":"https:\/\/agora.xtec.cat\/escjoanblanquer\/wp-json\/wp\/v2\/media?parent=3389"}],"wp:term":[{"taxonomy":"category","embeddable":true,"href":"https:\/\/agora.xtec.cat\/escjoanblanquer\/wp-json\/wp\/v2\/categories?post=3389"},{"taxonomy":"post_tag","embeddable":true,"href":"https:\/\/agora.xtec.cat\/escjoanblanquer\/wp-json\/wp\/v2\/tags?post=3389"}],"curies":[{"name":"wp","href":"https:\/\/api.w.org\/{rel}","templated":true}]}}