{"id":3381,"date":"2021-12-10T16:51:33","date_gmt":"2021-12-10T15:51:33","guid":{"rendered":"https:\/\/agora.xtec.cat\/escjoanblanquer\/?p=3381"},"modified":"2021-12-10T16:51:33","modified_gmt":"2021-12-10T15:51:33","slug":"ja-tenim-cami-escolar-al-joan-blanquer","status":"publish","type":"post","link":"https:\/\/agora.xtec.cat\/escjoanblanquer\/general\/ja-tenim-cami-escolar-al-joan-blanquer\/","title":{"rendered":"JA TENIM CAM\u00cd ESCOLAR AL JOAN BLANQUER !!!"},"content":{"rendered":"<p><a href=\"https:\/\/agora.xtec.cat\/escjoanblanquer\/wp-content\/uploads\/usu28\/2021\/12\/titol-muntat.jpg\"><img loading=\"lazy\" decoding=\"async\" class=\"alignnone size-full wp-image-3385\" src=\"https:\/\/agora.xtec.cat\/escjoanblanquer\/wp-content\/uploads\/usu28\/2021\/12\/titol-muntat.jpg\" alt=\"\" width=\"711\" height=\"283\" srcset=\"https:\/\/agora.xtec.cat\/escjoanblanquer\/wp-content\/uploads\/usu28\/2021\/12\/titol-muntat.jpg 711w, https:\/\/agora.xtec.cat\/escjoanblanquer\/wp-content\/uploads\/usu28\/2021\/12\/titol-muntat-300x119.jpg 300w\" sizes=\"auto, (max-width: 711px) 100vw, 711px\" \/><\/a><\/p>\n<p><strong>QU\u00c8 \u00c9S ?<\/strong><\/p>\n<p>L\u2019objectiu principal dels camins escolars \u00e9s proporcionar als alumnes uns itineraris segurs i c\u00f2modes en els trajectes de casa a l\u2019escola.\u00a0El cam\u00ed escolar del Joan Blanquer es va establir a partir dels recorreguts m\u00e9s utilitzats pels alumnes. Anar a l\u2019escola ha de ser una activitat agradable i segura, que formi part de l\u2019educaci\u00f3 dels infants com a ciutadans.<\/p>\n<p>Promou que els nens i les nenes es desplacin a peu, amb o sense l\u2019acompanyament d\u2019un adult, afavorint la integraci\u00f3 de la comunitat escolar en la din\u00e0mica di\u00e0ria de l\u2019entorn de l\u2019escola i del poble.<\/p>\n<p><strong>QUINS AVANTATGES T\u00c9 ?<\/strong><\/p>\n<p>PER A TOTHOM:<\/p>\n<ul>\n<li>La mobilitat pel poble \u00e9s m\u00e9s c\u00f2mode i flu\u00efda.<\/li>\n<li>Redu\u00efm la contaminaci\u00f3 atmosf\u00e8rica i ac\u00fastica.<\/li>\n<li>El carrer \u00e9s un espai agradable per caminar-hi amb comoditat.<\/li>\n<li>Si anem a peu, fem salut.<\/li>\n<\/ul>\n<p>PER ALS INFANTS:<\/p>\n<ul>\n<li>Coneixen millor el poble i l\u2019entorn de l\u2019escola.<\/li>\n<li>Agafen l\u2019h\u00e0bit de moure\u2019s a peu, sense dependre del cotxe.<\/li>\n<li>Guanyen espai de temps i conviv\u00e8ncia amb els\/les companys\/es i familiars.<\/li>\n<li>Milloren la seva autonomia i autoconfian\u00e7a.<\/li>\n<\/ul>\n<p><strong>QU\u00c8 S&#8217;HA FET AL CARRER?<\/strong><\/p>\n<ul>\n<li>Refor\u00e7ar els passos de vianants m\u00e9s utilitzats del voltant de l\u2019escola.<\/li>\n<li>Posar impediments per evitar l\u2019aparcament inadequat a les voreres.<\/li>\n<li>Millorar la seguretat dels espais d\u2019espera als accessos a l&#8217;escola.<\/li>\n<li>Instal\u00b7lar senyalitzacions de \u201czona escolar\u201d.<\/li>\n<li>Senyalitzar el cam\u00ed escolar amb rajoles vermelles.<\/li>\n<\/ul>\n<p><strong>QU\u00c8 PODEU FER LES FAM\u00cdLIES?<\/strong><\/p>\n<ul>\n<li>Conduir amb especial cura a l\u2019entorn de l&#8217;escola.<\/li>\n<li>Cedir el pas als nens i les nenes als passos de vianants.<\/li>\n<li>Respectar les senyalitzacions encara que tinguem pressa.<\/li>\n<li>Si venir amb cotxe \u00e9s imprescindible, <strong>s&#8217;ha d&#8217;aparcar correctament! Ni a les voreres, ni en doble filera, ni als passos de vianants, ni a la parada de l\u2019autob\u00fas, ni al mig del carrer<\/strong>&#8230;<\/li>\n<li>Reservar el temps necessari per deixar i recollir els infants. Utilitzem aquest temps per anar a aparcar correctament, no per aparcar el m\u00e9s a prop possible de la porta de l\u2019escola de manera inadequada.<\/li>\n<li>Contribuir a la seguretat dels nens i les nenes.<\/li>\n<\/ul>\n<p>Els alumnes de 4t de prim\u00e0ria ens presenten i expliquen el cam\u00ed escolar del Joan Blanquer en el seg\u00fcent v\u00eddeo.<\/p>\n<p><a href=\"https:\/\/agora.xtec.cat\/escjoanblanquer\/wp-content\/uploads\/usu28\/2021\/12\/titol-video-muntat.jpg\"><img loading=\"lazy\" decoding=\"async\" class=\"alignnone size-full wp-image-3387\" src=\"https:\/\/agora.xtec.cat\/escjoanblanquer\/wp-content\/uploads\/usu28\/2021\/12\/titol-video-muntat.jpg\" alt=\"\" width=\"874\" height=\"210\" srcset=\"https:\/\/agora.xtec.cat\/escjoanblanquer\/wp-content\/uploads\/usu28\/2021\/12\/titol-video-muntat.jpg 874w, https:\/\/agora.xtec.cat\/escjoanblanquer\/wp-content\/uploads\/usu28\/2021\/12\/titol-video-muntat-300x72.jpg 300w, https:\/\/agora.xtec.cat\/escjoanblanquer\/wp-content\/uploads\/usu28\/2021\/12\/titol-video-muntat-768x185.jpg 768w\" sizes=\"auto, (max-width: 874px) 100vw, 874px\" \/><\/a><\/p>\n<p><a href=\"https:\/\/drive.google.com\/file\/d\/14KC342vbLqoSkFOQZkN184uSWKpL2woM\/view?usp=sharing_eil_dm&amp;ts=61b321b0\">https:\/\/drive.google.com\/file\/d\/14KC342vbLqoSkFOQZkN184uSWKpL2woM\/view?usp=sharing_eil_dm&amp;ts=61b321b0<\/a><\/p>\n","protected":false},"excerpt":{"rendered":"<p>JA TENIM CAM\u00cd ESCOLAR AL JOAN BLANQUER !!!&hellip;  <a href=\"https:\/\/agora.xtec.cat\/escjoanblanquer\/general\/ja-tenim-cami-escolar-al-joan-blanquer\/\" title=\"Read JA TENIM CAM\u00cd ESCOLAR AL JOAN BLANQUER !!!\">Llegeix m\u00e9s\u00bb<\/a><\/p>\n","protected":false},"author":1,"featured_media":3383,"comment_status":"open","ping_status":"closed","sticky":false,"template":"","format":"standard","meta":{"_bbp_topic_count":0,"_bbp_reply_count":0,"_bbp_total_topic_count":0,"_bbp_total_reply_count":0,"_bbp_voice_count":0,"_bbp_anonymous_reply_count":0,"_bbp_topic_count_hidden":0,"_bbp_reply_count_hidden":0,"_bbp_forum_subforum_count":0,"footnotes":""},"categories":[1,61,4],"tags":[],"class_list":["post-3381","post","type-post","status-publish","format-standard","has-post-thumbnail","hentry","category-general","category-inici","category-portada"],"post_mailing_queue_ids":[],"_links":{"self":[{"href":"https:\/\/agora.xtec.cat\/escjoanblanquer\/wp-json\/wp\/v2\/posts\/3381","targetHints":{"allow":["GET"]}}],"collection":[{"href":"https:\/\/agora.xtec.cat\/escjoanblanquer\/wp-json\/wp\/v2\/posts"}],"about":[{"href":"https:\/\/agora.xtec.cat\/escjoanblanquer\/wp-json\/wp\/v2\/types\/post"}],"author":[{"embeddable":true,"href":"https:\/\/agora.xtec.cat\/escjoanblanquer\/wp-json\/wp\/v2\/users\/1"}],"replies":[{"embeddable":true,"href":"https:\/\/agora.xtec.cat\/escjoanblanquer\/wp-json\/wp\/v2\/comments?post=3381"}],"version-history":[{"count":3,"href":"https:\/\/agora.xtec.cat\/escjoanblanquer\/wp-json\/wp\/v2\/posts\/3381\/revisions"}],"predecessor-version":[{"id":3388,"href":"https:\/\/agora.xtec.cat\/escjoanblanquer\/wp-json\/wp\/v2\/posts\/3381\/revisions\/3388"}],"wp:featuredmedia":[{"embeddable":true,"href":"https:\/\/agora.xtec.cat\/escjoanblanquer\/wp-json\/wp\/v2\/media\/3383"}],"wp:attachment":[{"href":"https:\/\/agora.xtec.cat\/escjoanblanquer\/wp-json\/wp\/v2\/media?parent=3381"}],"wp:term":[{"taxonomy":"category","embeddable":true,"href":"https:\/\/agora.xtec.cat\/escjoanblanquer\/wp-json\/wp\/v2\/categories?post=3381"},{"taxonomy":"post_tag","embeddable":true,"href":"https:\/\/agora.xtec.cat\/escjoanblanquer\/wp-json\/wp\/v2\/tags?post=3381"}],"curies":[{"name":"wp","href":"https:\/\/api.w.org\/{rel}","templated":true}]}}