{"id":3364,"date":"2021-11-22T13:07:08","date_gmt":"2021-11-22T12:07:08","guid":{"rendered":"https:\/\/agora.xtec.cat\/escjoanblanquer\/?p=3364"},"modified":"2021-11-22T13:07:08","modified_gmt":"2021-11-22T12:07:08","slug":"sortida-al-jardi-botanic-marimurtra","status":"publish","type":"post","link":"https:\/\/agora.xtec.cat\/escjoanblanquer\/general\/sortida-al-jardi-botanic-marimurtra\/","title":{"rendered":"SORTIDA AL JARD\u00cd BOT\u00c0NIC MARIMURTRA"},"content":{"rendered":"<p>Bon dia fam\u00edlies !<\/p>\n<p>Com ja sabeu, divendres dia 19 de novembre, els nens i nenes de 3r i 4t vam anar al Jard\u00ed Bot\u00e0nic Marimurtra, situat a Blanes. All\u00e0 vam poder veure diferents tipus de vegetaci\u00f3 dels cinc continents i, a m\u00e9s a m\u00e9s, vam poder gaudir d&#8217;un paisatge de costa per continuar el nostre treball dins l&#8217;aula.<br \/>\nVa ser un dia molt bonic, els nens i nenes van gaudir molt de la visita i de l&#8217;estona de lleure a la Cala Sant Francesc.<br \/>\nAqu\u00ed us passem un recull de les fotos que vam fer al llarg del dia.<\/p>\n<p>Esperem que us agradin!<\/p>\n<p>&nbsp;<\/p>\n<p><strong>FOTOS DE 3R<\/strong>:<\/p>\n<p><a href=\"https:\/\/photos.app.goo.gl\/pAozdUswFEYwNdL19\">https:\/\/photos.app.goo.gl\/pAozdUswFEYwNdL19<\/a><\/p>\n<p>&nbsp;<\/p>\n<p>&nbsp;<\/p>\n<p>&nbsp;<\/p>\n","protected":false},"excerpt":{"rendered":"<p>Bon dia fam\u00edlies !<br \/>\nCom ja sabeu, divendres dia 19 de novembre, els nens i nenes de 3r i 4t vam anar al Jard\u00ed Bot\u00e0nic Marimurtra, situat a Blanes. All\u00e0 vam poder veure diferents tipus de vegetaci\u00f3 dels cinc continents i, a m\u00e9s a m\u00e9s, vam&hellip;  <a href=\"https:\/\/agora.xtec.cat\/escjoanblanquer\/general\/sortida-al-jardi-botanic-marimurtra\/\" title=\"Read SORTIDA AL JARD\u00cd BOT\u00c0NIC MARIMURTRA\">Llegeix m\u00e9s\u00bb<\/a><\/p>\n","protected":false},"author":28,"featured_media":0,"comment_status":"open","ping_status":"closed","sticky":false,"template":"","format":"standard","meta":{"_bbp_topic_count":0,"_bbp_reply_count":0,"_bbp_total_topic_count":0,"_bbp_total_reply_count":0,"_bbp_voice_count":0,"_bbp_anonymous_reply_count":0,"_bbp_topic_count_hidden":0,"_bbp_reply_count_hidden":0,"_bbp_forum_subforum_count":0,"footnotes":""},"categories":[12,1],"tags":[],"class_list":["post-3364","post","type-post","status-publish","format-standard","hentry","category-3r","category-general"],"post_mailing_queue_ids":[],"_links":{"self":[{"href":"https:\/\/agora.xtec.cat\/escjoanblanquer\/wp-json\/wp\/v2\/posts\/3364","targetHints":{"allow":["GET"]}}],"collection":[{"href":"https:\/\/agora.xtec.cat\/escjoanblanquer\/wp-json\/wp\/v2\/posts"}],"about":[{"href":"https:\/\/agora.xtec.cat\/escjoanblanquer\/wp-json\/wp\/v2\/types\/post"}],"author":[{"embeddable":true,"href":"https:\/\/agora.xtec.cat\/escjoanblanquer\/wp-json\/wp\/v2\/users\/28"}],"replies":[{"embeddable":true,"href":"https:\/\/agora.xtec.cat\/escjoanblanquer\/wp-json\/wp\/v2\/comments?post=3364"}],"version-history":[{"count":3,"href":"https:\/\/agora.xtec.cat\/escjoanblanquer\/wp-json\/wp\/v2\/posts\/3364\/revisions"}],"predecessor-version":[{"id":3370,"href":"https:\/\/agora.xtec.cat\/escjoanblanquer\/wp-json\/wp\/v2\/posts\/3364\/revisions\/3370"}],"wp:attachment":[{"href":"https:\/\/agora.xtec.cat\/escjoanblanquer\/wp-json\/wp\/v2\/media?parent=3364"}],"wp:term":[{"taxonomy":"category","embeddable":true,"href":"https:\/\/agora.xtec.cat\/escjoanblanquer\/wp-json\/wp\/v2\/categories?post=3364"},{"taxonomy":"post_tag","embeddable":true,"href":"https:\/\/agora.xtec.cat\/escjoanblanquer\/wp-json\/wp\/v2\/tags?post=3364"}],"curies":[{"name":"wp","href":"https:\/\/api.w.org\/{rel}","templated":true}]}}