{"id":3353,"date":"2021-10-25T18:18:28","date_gmt":"2021-10-25T16:18:28","guid":{"rendered":"https:\/\/agora.xtec.cat\/escjoanblanquer\/?p=3353"},"modified":"2021-11-05T10:23:09","modified_gmt":"2021-11-05T09:23:09","slug":"carta-a-la-senyora-castanyera","status":"publish","type":"post","link":"https:\/\/agora.xtec.cat\/escjoanblanquer\/infantil\/carta-a-la-senyora-castanyera\/","title":{"rendered":"Carta a la senyora Castanyera!"},"content":{"rendered":"<p>Aiiii que ja s&#8217;acosta la Castanyada!!<\/p>\n<p>Els nens i les nenes de P-5 mirant el calendari ens hem adonat que la Castanyada \u00e9s el diumenge i ens hem preocupat una mica perqu\u00e8 no sab\u00edem si la senyora Castanyera vindria a l&#8217;escola o passaria de llarg. Despr\u00e9s de donar-li voltes hem decidit escriure-li una carta entre tots.<\/p>\n<p>L&#8217;hem portat fins a la consergeria del Lloren\u00e7 perqu\u00e8 li envi\u00e9s per correu i la nostra gran sorpresa \u00e9s que ha rebut la carta i ella mateixa ha vingut fins a l&#8217;escola.<\/p>\n<p>Ara ja estem tranquils i contents perqu\u00e8 sabem que la castanyera vindr\u00e0 a l&#8217;escola i \u00e9s per aix\u00f2 que estem assajant una dansa ben bonica per ballar-li!!<\/p>\n<p>&nbsp;<\/p>\n<p><a href=\"https:\/\/agora.xtec.cat\/escjoanblanquer\/wp-content\/uploads\/usu28\/2021\/10\/IMG_20211022_104530.jpg\"><img loading=\"lazy\" decoding=\"async\" class=\"alignnone size-large wp-image-3354\" src=\"https:\/\/agora.xtec.cat\/escjoanblanquer\/wp-content\/uploads\/usu28\/2021\/10\/IMG_20211022_104530-576x1024.jpg\" alt=\"\" width=\"576\" height=\"1024\" srcset=\"https:\/\/agora.xtec.cat\/escjoanblanquer\/wp-content\/uploads\/usu28\/2021\/10\/IMG_20211022_104530-576x1024.jpg 576w, https:\/\/agora.xtec.cat\/escjoanblanquer\/wp-content\/uploads\/usu28\/2021\/10\/IMG_20211022_104530-169x300.jpg 169w, https:\/\/agora.xtec.cat\/escjoanblanquer\/wp-content\/uploads\/usu28\/2021\/10\/IMG_20211022_104530.jpg 720w\" sizes=\"auto, (max-width: 576px) 100vw, 576px\" \/><\/a><\/p>\n<p>Aqu\u00ed hi ha l&#8217;enlla\u00e7 per poder veure les fotos:<\/p>\n<p><a href=\"https:\/\/photos.app.goo.gl\/3r7CLHZDX4YFyHfbA\">https:\/\/photos.app.goo.gl\/3r7CLHZDX4YFyHfbA<\/a><\/p>\n<p>Classe dels Volcans!!<\/p>\n","protected":false},"excerpt":{"rendered":"<p>Aiiii que ja s&#8217;acosta la Castanyada!!<br \/>\nEls nens i les nenes de P-5 mirant el calendari ens hem adonat que la Castanyada \u00e9s el diumenge i ens hem preocupat una mica perqu\u00e8 no sab\u00edem si la senyora Castanyera vindria a l&#8217;escola o passaria de llarg. Despr\u00e9s&hellip;  <a href=\"https:\/\/agora.xtec.cat\/escjoanblanquer\/infantil\/carta-a-la-senyora-castanyera\/\" title=\"Read Carta a la senyora Castanyera!\">Llegeix m\u00e9s\u00bb<\/a><\/p>\n","protected":false},"author":46,"featured_media":0,"comment_status":"open","ping_status":"closed","sticky":false,"template":"","format":"standard","meta":{"_bbp_topic_count":0,"_bbp_reply_count":0,"_bbp_total_topic_count":0,"_bbp_total_reply_count":0,"_bbp_voice_count":0,"_bbp_anonymous_reply_count":0,"_bbp_topic_count_hidden":0,"_bbp_reply_count_hidden":0,"_bbp_forum_subforum_count":0,"footnotes":""},"categories":[9,2,61,4],"tags":[],"class_list":["post-3353","post","type-post","status-publish","format-standard","hentry","category-i5","category-infantil","category-inici","category-portada"],"post_mailing_queue_ids":[],"_links":{"self":[{"href":"https:\/\/agora.xtec.cat\/escjoanblanquer\/wp-json\/wp\/v2\/posts\/3353","targetHints":{"allow":["GET"]}}],"collection":[{"href":"https:\/\/agora.xtec.cat\/escjoanblanquer\/wp-json\/wp\/v2\/posts"}],"about":[{"href":"https:\/\/agora.xtec.cat\/escjoanblanquer\/wp-json\/wp\/v2\/types\/post"}],"author":[{"embeddable":true,"href":"https:\/\/agora.xtec.cat\/escjoanblanquer\/wp-json\/wp\/v2\/users\/46"}],"replies":[{"embeddable":true,"href":"https:\/\/agora.xtec.cat\/escjoanblanquer\/wp-json\/wp\/v2\/comments?post=3353"}],"version-history":[{"count":1,"href":"https:\/\/agora.xtec.cat\/escjoanblanquer\/wp-json\/wp\/v2\/posts\/3353\/revisions"}],"predecessor-version":[{"id":3355,"href":"https:\/\/agora.xtec.cat\/escjoanblanquer\/wp-json\/wp\/v2\/posts\/3353\/revisions\/3355"}],"wp:attachment":[{"href":"https:\/\/agora.xtec.cat\/escjoanblanquer\/wp-json\/wp\/v2\/media?parent=3353"}],"wp:term":[{"taxonomy":"category","embeddable":true,"href":"https:\/\/agora.xtec.cat\/escjoanblanquer\/wp-json\/wp\/v2\/categories?post=3353"},{"taxonomy":"post_tag","embeddable":true,"href":"https:\/\/agora.xtec.cat\/escjoanblanquer\/wp-json\/wp\/v2\/tags?post=3353"}],"curies":[{"name":"wp","href":"https:\/\/api.w.org\/{rel}","templated":true}]}}