{"id":3341,"date":"2021-10-22T16:06:43","date_gmt":"2021-10-22T14:06:43","guid":{"rendered":"https:\/\/agora.xtec.cat\/escjoanblanquer\/?p=3341"},"modified":"2021-10-22T16:17:00","modified_gmt":"2021-10-22T14:17:00","slug":"tots-els-grups-ja-tenim-un-nom","status":"publish","type":"post","link":"https:\/\/agora.xtec.cat\/escjoanblanquer\/portada\/tots-els-grups-ja-tenim-un-nom\/","title":{"rendered":"Tots els grups ja tenim un nom!!!"},"content":{"rendered":"<p>Ep!!!<\/p>\n<p>Ens fa molta il\u00b7lusi\u00f3 poder compartir amb totes les fam\u00edlies que tots els cursos de l&#8217;escola ja tenen un nom. L&#8217;elecci\u00f3 definitiva s&#8217;ha fet despr\u00e9s de realitzar un extens treball a l&#8217;aula, per part de cada grup, per defensar i debatre totes les propostes fetes pels alumnes.<\/p>\n<p>El divendres 8 d&#8217;octubre es va fer la presentaci\u00f3 oficial dels noms escollits al pati de l&#8217;escola, i tots ens nens i nenes, organitzats per grups bombolla, varen poder tornar a participar i a gaudir junts d&#8217;aquesta activitat que marca l&#8217;inici de curs.<\/p>\n<p>Us deixem una mostra de tots els cartells de presentaci\u00f3.<\/p>\n<p><a href=\"https:\/\/agora.xtec.cat\/escjoanblanquer\/wp-content\/uploads\/usu28\/2021\/10\/cartell-noms-2.jpg\"><img loading=\"lazy\" decoding=\"async\" class=\"alignnone size-full wp-image-3348\" src=\"https:\/\/agora.xtec.cat\/escjoanblanquer\/wp-content\/uploads\/usu28\/2021\/10\/cartell-noms-2.jpg\" alt=\"\" width=\"700\" height=\"605\" srcset=\"https:\/\/agora.xtec.cat\/escjoanblanquer\/wp-content\/uploads\/usu28\/2021\/10\/cartell-noms-2.jpg 700w, https:\/\/agora.xtec.cat\/escjoanblanquer\/wp-content\/uploads\/usu28\/2021\/10\/cartell-noms-2-300x259.jpg 300w\" sizes=\"auto, (max-width: 700px) 100vw, 700px\" \/><\/a><\/p>\n","protected":false},"excerpt":{"rendered":"<p>Ep!!!<br \/>\nEns fa molta il\u00b7lusi\u00f3 poder compartir amb totes les fam\u00edlies que tots els cursos de l&#8217;escola ja tenen un nom. L&#8217;elecci\u00f3 definitiva s&#8217;ha fet despr\u00e9s de realitzar un extens treball a l&#8217;aula, per part de cada grup, per defensar i debatre totes les propostes fetes&hellip;  <a href=\"https:\/\/agora.xtec.cat\/escjoanblanquer\/portada\/tots-els-grups-ja-tenim-un-nom\/\" title=\"Read Tots els grups ja tenim un nom!!!\">Llegeix m\u00e9s\u00bb<\/a><\/p>\n","protected":false},"author":1,"featured_media":3348,"comment_status":"closed","ping_status":"closed","sticky":false,"template":"","format":"standard","meta":{"_bbp_topic_count":0,"_bbp_reply_count":0,"_bbp_total_topic_count":0,"_bbp_total_reply_count":0,"_bbp_voice_count":0,"_bbp_anonymous_reply_count":0,"_bbp_topic_count_hidden":0,"_bbp_reply_count_hidden":0,"_bbp_forum_subforum_count":0,"footnotes":""},"categories":[4],"tags":[],"class_list":["post-3341","post","type-post","status-publish","format-standard","has-post-thumbnail","hentry","category-portada"],"post_mailing_queue_ids":[],"_links":{"self":[{"href":"https:\/\/agora.xtec.cat\/escjoanblanquer\/wp-json\/wp\/v2\/posts\/3341","targetHints":{"allow":["GET"]}}],"collection":[{"href":"https:\/\/agora.xtec.cat\/escjoanblanquer\/wp-json\/wp\/v2\/posts"}],"about":[{"href":"https:\/\/agora.xtec.cat\/escjoanblanquer\/wp-json\/wp\/v2\/types\/post"}],"author":[{"embeddable":true,"href":"https:\/\/agora.xtec.cat\/escjoanblanquer\/wp-json\/wp\/v2\/users\/1"}],"replies":[{"embeddable":true,"href":"https:\/\/agora.xtec.cat\/escjoanblanquer\/wp-json\/wp\/v2\/comments?post=3341"}],"version-history":[{"count":3,"href":"https:\/\/agora.xtec.cat\/escjoanblanquer\/wp-json\/wp\/v2\/posts\/3341\/revisions"}],"predecessor-version":[{"id":3350,"href":"https:\/\/agora.xtec.cat\/escjoanblanquer\/wp-json\/wp\/v2\/posts\/3341\/revisions\/3350"}],"wp:featuredmedia":[{"embeddable":true,"href":"https:\/\/agora.xtec.cat\/escjoanblanquer\/wp-json\/wp\/v2\/media\/3348"}],"wp:attachment":[{"href":"https:\/\/agora.xtec.cat\/escjoanblanquer\/wp-json\/wp\/v2\/media?parent=3341"}],"wp:term":[{"taxonomy":"category","embeddable":true,"href":"https:\/\/agora.xtec.cat\/escjoanblanquer\/wp-json\/wp\/v2\/categories?post=3341"},{"taxonomy":"post_tag","embeddable":true,"href":"https:\/\/agora.xtec.cat\/escjoanblanquer\/wp-json\/wp\/v2\/tags?post=3341"}],"curies":[{"name":"wp","href":"https:\/\/api.w.org\/{rel}","templated":true}]}}