{"id":3335,"date":"2021-10-21T16:28:17","date_gmt":"2021-10-21T14:28:17","guid":{"rendered":"https:\/\/agora.xtec.cat\/escjoanblanquer\/?p=3335"},"modified":"2021-10-21T17:00:55","modified_gmt":"2021-10-21T15:00:55","slug":"taller-de-sabo","status":"publish","type":"post","link":"https:\/\/agora.xtec.cat\/escjoanblanquer\/general\/taller-de-sabo\/","title":{"rendered":"Cicle Superior: taller de sab\u00f3"},"content":{"rendered":"<p>Hola fam\u00edlies,<\/p>\n<p>Des de l&#8217;\u00e0rea de coneixement del medi, els alumnes de Cicle Superior estem comen\u00e7ant el projecte de <span style=\"text-decoration: underline\">la mat\u00e8ria<\/span> i <span style=\"text-decoration: underline\">les mescles i solucions<\/span>. Aprofitant aquest treball per projectes, hem realitzat un taller de <span style=\"text-decoration: underline\">reciclatge d&#8217;oli<\/span> proposat pel Consorci per a la Gesti\u00f3 de Residus del Vall\u00e8s Occidental.<\/p>\n<p><strong>En aquest taller hem apr\u00e8s:<\/strong><\/p>\n<ul>\n<li>que al Vall\u00e8s Occidental generem 1,3 kg de residus al dia per persona.<\/li>\n<li>els diferents tipus de contenidors que hi ha (rebuig, pl\u00e0stic, cartr\u00f3, oli dom\u00e8stic&#8230;)<\/li>\n<\/ul>\n<p><strong>Per fer sab\u00f3 reciclat hem necessitat:<\/strong><\/p>\n<ul>\n<li>la mateixa quantitat d&#8217;oli i aigua<\/li>\n<li>sosa c\u00e0ustica<\/li>\n<li>embut, colador i ampolles (de pl\u00e0stic)<\/li>\n<li>ulleres de laboratori i guants<\/li>\n<li>cullera (de pl\u00e0stic)<\/li>\n<\/ul>\n<p><strong>Com ho hem fet?<\/strong><\/p>\n<ul>\n<li>Primer, hem barrejat l&#8217;aigua i la sosa c\u00e0ustica. Hem observat que la temperatura de l&#8217;aigua augmenta.<\/li>\n<li>Despr\u00e9s, hem esperat que l&#8217;aigua estigu\u00e9s a temperatura ambient per poder afegir l&#8217;oli i barrejar-ho tot fins aconseguir una bona textura.<\/li>\n<li>Per acabar, hem abocat la barreja en un env\u00e0s i estem esperant entre 2 i 3 setmanes per poder fer servir el sab\u00f3 (Atenci\u00f3! Nom\u00e9s \u00e9s sab\u00f3 per rentar plats i roba).<\/li>\n<\/ul>\n<p>Esperem seguir aprenent a trav\u00e9s d&#8217;experiments!<\/p>\n<p>Enlla\u00e7 a les fotos de 5\u00e8:\u00a0<a href=\"https:\/\/photos.app.goo.gl\/FwFfHXYmq76aKmXu6\">https:\/\/photos.app.goo.gl\/FwFfHXYmq76aKmXu6<\/a><\/p>\n<p>Enlla\u00e7 a les fotos de 6\u00e8:\u00a0<a href=\"https:\/\/photos.app.goo.gl\/2iXGurCqxqWUs8s96\">https:\/\/photos.app.goo.gl\/2iXGurCqxqWUs8s96<\/a><\/p>\n<p>&nbsp;<\/p>\n","protected":false},"excerpt":{"rendered":"<p>Hola fam\u00edlies,<br \/>\nDes de l&#8217;\u00e0rea de coneixement del medi, els alumnes de Cicle Superior estem comen\u00e7ant el projecte de la mat\u00e8ria i les mescles i solucions. Aprofitant aquest treball per projectes, hem realitzat un taller de reciclatge d&#8217;oli proposat pel Consorci per a la Gesti\u00f3 de&hellip;  <a href=\"https:\/\/agora.xtec.cat\/escjoanblanquer\/general\/taller-de-sabo\/\" title=\"Read Cicle Superior: taller de sab\u00f3\">Llegeix m\u00e9s\u00bb<\/a><\/p>\n","protected":false},"author":23,"featured_media":3338,"comment_status":"open","ping_status":"closed","sticky":false,"template":"","format":"standard","meta":{"_bbp_topic_count":0,"_bbp_reply_count":0,"_bbp_total_topic_count":0,"_bbp_total_reply_count":0,"_bbp_voice_count":0,"_bbp_anonymous_reply_count":0,"_bbp_topic_count_hidden":0,"_bbp_reply_count_hidden":0,"_bbp_forum_subforum_count":0,"footnotes":""},"categories":[14,15,1,4],"tags":[],"class_list":["post-3335","post","type-post","status-publish","format-standard","has-post-thumbnail","hentry","category-5e","category-6e","category-general","category-portada"],"post_mailing_queue_ids":[],"_links":{"self":[{"href":"https:\/\/agora.xtec.cat\/escjoanblanquer\/wp-json\/wp\/v2\/posts\/3335","targetHints":{"allow":["GET"]}}],"collection":[{"href":"https:\/\/agora.xtec.cat\/escjoanblanquer\/wp-json\/wp\/v2\/posts"}],"about":[{"href":"https:\/\/agora.xtec.cat\/escjoanblanquer\/wp-json\/wp\/v2\/types\/post"}],"author":[{"embeddable":true,"href":"https:\/\/agora.xtec.cat\/escjoanblanquer\/wp-json\/wp\/v2\/users\/23"}],"replies":[{"embeddable":true,"href":"https:\/\/agora.xtec.cat\/escjoanblanquer\/wp-json\/wp\/v2\/comments?post=3335"}],"version-history":[{"count":3,"href":"https:\/\/agora.xtec.cat\/escjoanblanquer\/wp-json\/wp\/v2\/posts\/3335\/revisions"}],"predecessor-version":[{"id":3340,"href":"https:\/\/agora.xtec.cat\/escjoanblanquer\/wp-json\/wp\/v2\/posts\/3335\/revisions\/3340"}],"wp:featuredmedia":[{"embeddable":true,"href":"https:\/\/agora.xtec.cat\/escjoanblanquer\/wp-json\/wp\/v2\/media\/3338"}],"wp:attachment":[{"href":"https:\/\/agora.xtec.cat\/escjoanblanquer\/wp-json\/wp\/v2\/media?parent=3335"}],"wp:term":[{"taxonomy":"category","embeddable":true,"href":"https:\/\/agora.xtec.cat\/escjoanblanquer\/wp-json\/wp\/v2\/categories?post=3335"},{"taxonomy":"post_tag","embeddable":true,"href":"https:\/\/agora.xtec.cat\/escjoanblanquer\/wp-json\/wp\/v2\/tags?post=3335"}],"curies":[{"name":"wp","href":"https:\/\/api.w.org\/{rel}","templated":true}]}}