{"id":3281,"date":"2021-06-11T13:29:46","date_gmt":"2021-06-11T11:29:46","guid":{"rendered":"https:\/\/agora.xtec.cat\/escjoanblanquer\/?p=3281"},"modified":"2021-06-11T13:29:46","modified_gmt":"2021-06-11T11:29:46","slug":"sortida-a-la-platja","status":"publish","type":"post","link":"https:\/\/agora.xtec.cat\/escjoanblanquer\/portada\/sortida-a-la-platja\/","title":{"rendered":"Sortida a la platja"},"content":{"rendered":"<p>Ahir, els nens i nenes de 1r i 2n B vam poder gaudir d&#8217;un dia espl\u00e8ndid a la sortida que vam fer a Malgrat de Mar.<\/p>\n<p>Quan vam arribar vam fer un bon esmorzar per agafar forces i passar una bona estona a la platja. An\u00e0vem ben carregats de pales i galledes per construir molts castells de sorra, per\u00f2 l&#8217;aigua i els desnivells que oferia la sorra van ser les grans atraccions pels nens i nenes, on es van poder refrescar una bona estona i c\u00f3rrer, rodolar i saltar per les pujades i baixades.<\/p>\n<p>Un cop secs vam enfilar cam\u00ed del Parc Francesc Maci\u00e0, una bona caminada per obrir la gana. All\u00e0 vam dinar i jugar amb els elements del parc i una bona colla d&#8217;escultures divertides que ens recorden els \u00e8stris que fem servir cada dia a la classe.<\/p>\n<p>Aqu\u00ed teniu un recull de les fotos que vam fer: <a href=\"https:\/\/photos.app.goo.gl\/JnD5L8AfwfAF28Hk9\" target=\"_blank\" rel=\"noopener noreferrer\">IMATGES<\/a><\/p>\n","protected":false},"excerpt":{"rendered":"<p>Ahir, els nens i nenes de 1r i 2n B vam poder gaudir d&#8217;un dia espl\u00e8ndid a la sortida que vam fer a Malgrat de Mar.<br \/>\nQuan vam arribar vam fer un bon esmorzar per agafar forces i passar una bona estona a la platja. An\u00e0vem&hellip;  <a href=\"https:\/\/agora.xtec.cat\/escjoanblanquer\/portada\/sortida-a-la-platja\/\" title=\"Read Sortida a la platja\">Llegeix m\u00e9s\u00bb<\/a><\/p>\n","protected":false},"author":32,"featured_media":3282,"comment_status":"closed","ping_status":"closed","sticky":false,"template":"","format":"standard","meta":{"_bbp_topic_count":0,"_bbp_reply_count":0,"_bbp_total_topic_count":0,"_bbp_total_reply_count":0,"_bbp_voice_count":0,"_bbp_anonymous_reply_count":0,"_bbp_topic_count_hidden":0,"_bbp_reply_count_hidden":0,"_bbp_forum_subforum_count":0,"footnotes":""},"categories":[10,4,5],"tags":[],"class_list":["post-3281","post","type-post","status-publish","format-standard","has-post-thumbnail","hentry","category-1r","category-portada","category-primaria"],"post_mailing_queue_ids":[],"_links":{"self":[{"href":"https:\/\/agora.xtec.cat\/escjoanblanquer\/wp-json\/wp\/v2\/posts\/3281","targetHints":{"allow":["GET"]}}],"collection":[{"href":"https:\/\/agora.xtec.cat\/escjoanblanquer\/wp-json\/wp\/v2\/posts"}],"about":[{"href":"https:\/\/agora.xtec.cat\/escjoanblanquer\/wp-json\/wp\/v2\/types\/post"}],"author":[{"embeddable":true,"href":"https:\/\/agora.xtec.cat\/escjoanblanquer\/wp-json\/wp\/v2\/users\/32"}],"replies":[{"embeddable":true,"href":"https:\/\/agora.xtec.cat\/escjoanblanquer\/wp-json\/wp\/v2\/comments?post=3281"}],"version-history":[{"count":1,"href":"https:\/\/agora.xtec.cat\/escjoanblanquer\/wp-json\/wp\/v2\/posts\/3281\/revisions"}],"predecessor-version":[{"id":3283,"href":"https:\/\/agora.xtec.cat\/escjoanblanquer\/wp-json\/wp\/v2\/posts\/3281\/revisions\/3283"}],"wp:featuredmedia":[{"embeddable":true,"href":"https:\/\/agora.xtec.cat\/escjoanblanquer\/wp-json\/wp\/v2\/media\/3282"}],"wp:attachment":[{"href":"https:\/\/agora.xtec.cat\/escjoanblanquer\/wp-json\/wp\/v2\/media?parent=3281"}],"wp:term":[{"taxonomy":"category","embeddable":true,"href":"https:\/\/agora.xtec.cat\/escjoanblanquer\/wp-json\/wp\/v2\/categories?post=3281"},{"taxonomy":"post_tag","embeddable":true,"href":"https:\/\/agora.xtec.cat\/escjoanblanquer\/wp-json\/wp\/v2\/tags?post=3281"}],"curies":[{"name":"wp","href":"https:\/\/api.w.org\/{rel}","templated":true}]}}