{"id":3153,"date":"2020-11-11T16:27:09","date_gmt":"2020-11-11T15:27:09","guid":{"rendered":"https:\/\/agora.xtec.cat\/escjoanblanquer\/?p=3153"},"modified":"2020-11-11T16:28:05","modified_gmt":"2020-11-11T15:28:05","slug":"els-solistes-a-laula","status":"publish","type":"post","link":"https:\/\/agora.xtec.cat\/escjoanblanquer\/portada\/els-solistes-a-laula\/","title":{"rendered":"ELS SOLISTES A L&#8217;AULA."},"content":{"rendered":"<p>&nbsp;<\/p>\n<p><a href=\"https:\/\/agora.xtec.cat\/escjoanblanquer\/wp-content\/uploads\/usu28\/2020\/11\/flautes.jpg\"><img loading=\"lazy\" decoding=\"async\" class=\"alignnone size-full wp-image-3158\" src=\"https:\/\/agora.xtec.cat\/escjoanblanquer\/wp-content\/uploads\/usu28\/2020\/11\/flautes.jpg\" alt=\"\" width=\"766\" height=\"560\" srcset=\"https:\/\/agora.xtec.cat\/escjoanblanquer\/wp-content\/uploads\/usu28\/2020\/11\/flautes.jpg 766w, https:\/\/agora.xtec.cat\/escjoanblanquer\/wp-content\/uploads\/usu28\/2020\/11\/flautes-300x219.jpg 300w\" sizes=\"auto, (max-width: 766px) 100vw, 766px\" \/><\/a><\/p>\n<p>Com cada curs, des de l&#8217;\u00e0rea d&#8217;educaci\u00f3 art\u00edstica i musical s&#8217;organitzen els &#8220;Solistes a l&#8217;aula&#8221;.<\/p>\n<p>Aquesta activitat, que es realitza per cicles, ens porta a l&#8217;escola la visita de diversos m\u00fasics amb els seus instruments. L&#8217;objectiu de la proposta \u00e9s el d&#8217;apropar als alumnes, al llarg dels 9 cursos que estaran a l&#8217;escola, el coneixement diferents instruments musicals.<\/p>\n<p>Durant aquest primer trimestre, els infants del cicle mitj\u00e0 han rebut la visita d\u2019un solista que els ha presentat la flauta dol\u00e7a i els alumnes de cicle superior han pogut gaudir d\u2019un solista expert en guitarra. Al tercer trimestre ser\u00e0 el torn dels alumnes d\u2019infantil, que descobriran la tuba, i dels alumnes de cicle inicial, que assistiran a una sessi\u00f3 de trompeta.<\/p>\n<p>Les audicions es realitzen al gimn\u00e0s o a l\u2019aula de m\u00fasica en grups redu\u00efts, i s\u00f3n presentades per un m\u00fasic que, mica en mica, va treballant amb els nens i nenes aspectes com:<\/p>\n<ul>\n<li>La visualitzaci\u00f3 de l\u2019instrument protagonista i de les parts que el formen.<\/li>\n<li>La visualitzaci\u00f3 d\u2019altres instruments propers al instrument presentat.<\/li>\n<li>La informaci\u00f3 m\u00e9s important d\u2019aspectes f\u00edsics i culturals del instrument.<\/li>\n<li>L\u2019escolta de so del instrument en diferents registres.<\/li>\n<li>L\u2019escolta i la identificaci\u00f3 dels principals recursos interpretatius.<\/li>\n<li>La interpretaci\u00f3 del m\u00e0xim de fragments musicals possibles.<\/li>\n<\/ul>\n<p>&nbsp;<\/p>\n","protected":false},"excerpt":{"rendered":"<p>&nbsp;<br \/>\n<a href=\"https:\/\/agora.xtec.cat\/escjoanblanquer\/wp-content\/uploads\/usu28\/2020\/11\/flautes.jpg\"><\/a><br \/>\nCom cada curs, des de l&#8217;\u00e0rea d&#8217;educaci\u00f3 art\u00edstica i musical s&#8217;organitzen els &#8220;Solistes a l&#8217;aula&#8221;.<br \/>\nAquesta activitat, que es realitza per cicles, ens porta a l&#8217;escola la visita de diversos m\u00fasics amb els seus instruments. L&#8217;objectiu de la proposta \u00e9s el d&#8217;apropar als alumnes, al&hellip;  <a href=\"https:\/\/agora.xtec.cat\/escjoanblanquer\/portada\/els-solistes-a-laula\/\" title=\"Read ELS SOLISTES A L&#8217;AULA.\">Llegeix m\u00e9s\u00bb<\/a><\/p>\n","protected":false},"author":1,"featured_media":3154,"comment_status":"open","ping_status":"closed","sticky":false,"template":"","format":"standard","meta":{"_bbp_topic_count":0,"_bbp_reply_count":0,"_bbp_total_topic_count":0,"_bbp_total_reply_count":0,"_bbp_voice_count":0,"_bbp_anonymous_reply_count":0,"_bbp_topic_count_hidden":0,"_bbp_reply_count_hidden":0,"_bbp_forum_subforum_count":0,"footnotes":""},"categories":[61,4],"tags":[],"class_list":["post-3153","post","type-post","status-publish","format-standard","has-post-thumbnail","hentry","category-inici","category-portada"],"post_mailing_queue_ids":[],"_links":{"self":[{"href":"https:\/\/agora.xtec.cat\/escjoanblanquer\/wp-json\/wp\/v2\/posts\/3153","targetHints":{"allow":["GET"]}}],"collection":[{"href":"https:\/\/agora.xtec.cat\/escjoanblanquer\/wp-json\/wp\/v2\/posts"}],"about":[{"href":"https:\/\/agora.xtec.cat\/escjoanblanquer\/wp-json\/wp\/v2\/types\/post"}],"author":[{"embeddable":true,"href":"https:\/\/agora.xtec.cat\/escjoanblanquer\/wp-json\/wp\/v2\/users\/1"}],"replies":[{"embeddable":true,"href":"https:\/\/agora.xtec.cat\/escjoanblanquer\/wp-json\/wp\/v2\/comments?post=3153"}],"version-history":[{"count":2,"href":"https:\/\/agora.xtec.cat\/escjoanblanquer\/wp-json\/wp\/v2\/posts\/3153\/revisions"}],"predecessor-version":[{"id":3159,"href":"https:\/\/agora.xtec.cat\/escjoanblanquer\/wp-json\/wp\/v2\/posts\/3153\/revisions\/3159"}],"wp:featuredmedia":[{"embeddable":true,"href":"https:\/\/agora.xtec.cat\/escjoanblanquer\/wp-json\/wp\/v2\/media\/3154"}],"wp:attachment":[{"href":"https:\/\/agora.xtec.cat\/escjoanblanquer\/wp-json\/wp\/v2\/media?parent=3153"}],"wp:term":[{"taxonomy":"category","embeddable":true,"href":"https:\/\/agora.xtec.cat\/escjoanblanquer\/wp-json\/wp\/v2\/categories?post=3153"},{"taxonomy":"post_tag","embeddable":true,"href":"https:\/\/agora.xtec.cat\/escjoanblanquer\/wp-json\/wp\/v2\/tags?post=3153"}],"curies":[{"name":"wp","href":"https:\/\/api.w.org\/{rel}","templated":true}]}}