{"id":3137,"date":"2020-11-09T17:49:34","date_gmt":"2020-11-09T16:49:34","guid":{"rendered":"https:\/\/agora.xtec.cat\/escjoanblanquer\/?p=3137"},"modified":"2020-11-09T17:51:30","modified_gmt":"2020-11-09T16:51:30","slug":"la-festa-de-la-castanyada-2020","status":"publish","type":"post","link":"https:\/\/agora.xtec.cat\/escjoanblanquer\/portada\/la-festa-de-la-castanyada-2020\/","title":{"rendered":"LA FESTA DE LA CASTANYADA 2020."},"content":{"rendered":"<p>&nbsp;<\/p>\n<p><a href=\"https:\/\/agora.xtec.cat\/escjoanblanquer\/wp-content\/uploads\/usu28\/2020\/11\/IMG-20201109-WA0005.jpg\"><img loading=\"lazy\" decoding=\"async\" class=\"alignnone size-large wp-image-3144\" src=\"https:\/\/agora.xtec.cat\/escjoanblanquer\/wp-content\/uploads\/usu28\/2020\/11\/IMG-20201109-WA0005-1024x498.jpg\" alt=\"\" width=\"1024\" height=\"498\" srcset=\"https:\/\/agora.xtec.cat\/escjoanblanquer\/wp-content\/uploads\/usu28\/2020\/11\/IMG-20201109-WA0005-1024x498.jpg 1024w, https:\/\/agora.xtec.cat\/escjoanblanquer\/wp-content\/uploads\/usu28\/2020\/11\/IMG-20201109-WA0005-300x146.jpg 300w, https:\/\/agora.xtec.cat\/escjoanblanquer\/wp-content\/uploads\/usu28\/2020\/11\/IMG-20201109-WA0005-768x373.jpg 768w, https:\/\/agora.xtec.cat\/escjoanblanquer\/wp-content\/uploads\/usu28\/2020\/11\/IMG-20201109-WA0005.jpg 1824w\" sizes=\"auto, (max-width: 1024px) 100vw, 1024px\" \/><\/a><\/p>\n<p>Un any m\u00e9s, ha arribat la tardor a l\u2019escola Joan Blanquer i, com que no deixem passar cap festa, \u00a0divendres passat ens v\u00e0rem endinsar de ple en la celebraci\u00f3 de la castanyada de la m\u00e0 de la senyora Maria, la nostra castanyera particular.<\/p>\n<p>Aquest curs, a la Maria se li va girar feina per la COVID, ja que va acompanyar a tots els cicles de l\u2019escola en diferents moments per no barrejar els grups estables. Per\u00f2 segons ens va dir al final del dia, la feinada va valer la pena, ja que tots els nens i nenes li havien preparat unes danses fabuloses que la van animar d\u2019all\u00f2 m\u00e9s.<\/p>\n<p>Els m\u00e9s petitons d&#8217;I3, I4 i I5 van ballar \u201cEl bolet petit\u00f3\u201d i \u201cla Castanyera\u201d. Els de cicle inicial van ballar \u201cLa castanyera rockera\u201d i \u201c The clap, clap song\u201d. I els infants de cicle mitj\u00e0 i cicle superior van ballar \u201cLa rumba de les castanyes\u201d i \u201cEl carill\u00f3 de Dunkerke\u201d.<\/p>\n<p>Amb tot aquest munt de danses ja us podeu imaginar que la jornada va ser llarga, molt animada i divertida, i que tots els nens i nenes de l\u2019escola van poder gaudir i participar, com cada curs, de la festa de la Castanyada.<\/p>\n<p style=\"text-align: center;\"><a href=\"https:\/\/agora.xtec.cat\/escjoanblanquer\/wp-content\/uploads\/usu28\/2020\/11\/IMG-20201030-WA0013-01-e1604938865507.jpeg\"><img loading=\"lazy\" decoding=\"async\" class=\"alignnone wp-image-3138\" src=\"https:\/\/agora.xtec.cat\/escjoanblanquer\/wp-content\/uploads\/usu28\/2020\/11\/IMG-20201030-WA0013-01-e1604938865507-903x1024.jpeg\" alt=\"\" width=\"291\" height=\"330\" srcset=\"https:\/\/agora.xtec.cat\/escjoanblanquer\/wp-content\/uploads\/usu28\/2020\/11\/IMG-20201030-WA0013-01-e1604938865507-903x1024.jpeg 903w, https:\/\/agora.xtec.cat\/escjoanblanquer\/wp-content\/uploads\/usu28\/2020\/11\/IMG-20201030-WA0013-01-e1604938865507-264x300.jpeg 264w, https:\/\/agora.xtec.cat\/escjoanblanquer\/wp-content\/uploads\/usu28\/2020\/11\/IMG-20201030-WA0013-01-e1604938865507-768x871.jpeg 768w, https:\/\/agora.xtec.cat\/escjoanblanquer\/wp-content\/uploads\/usu28\/2020\/11\/IMG-20201030-WA0013-01-e1604938865507.jpeg 1078w\" sizes=\"auto, (max-width: 291px) 100vw, 291px\" \/> \u00a0 \u00a0 \u00a0 \u00a0 <\/a><a href=\"https:\/\/agora.xtec.cat\/escjoanblanquer\/wp-content\/uploads\/usu28\/2020\/11\/IMG-20201030-WA0013-01-e1604938865507.jpeg\">FINS LA CASTANYADA 2021 !!!<\/a><\/p>\n<p>&nbsp;<\/p>\n<p>&nbsp;<\/p>\n","protected":false},"excerpt":{"rendered":"<p>&nbsp;<br \/>\n<a href=\"https:\/\/agora.xtec.cat\/escjoanblanquer\/wp-content\/uploads\/usu28\/2020\/11\/IMG-20201109-WA0005.jpg\"><\/a><br \/>\nUn any m\u00e9s, ha arribat la tardor a l\u2019escola Joan Blanquer i, com que no deixem passar cap festa, \u00a0divendres passat ens v\u00e0rem endinsar de ple en la celebraci\u00f3 de la castanyada de la m\u00e0 de la senyora Maria, la nostra castanyera particular.<br \/>\nAquest curs,&hellip;  <a href=\"https:\/\/agora.xtec.cat\/escjoanblanquer\/portada\/la-festa-de-la-castanyada-2020\/\" title=\"Read LA FESTA DE LA CASTANYADA 2020.\">Llegeix m\u00e9s\u00bb<\/a><\/p>\n","protected":false},"author":1,"featured_media":3144,"comment_status":"open","ping_status":"closed","sticky":false,"template":"","format":"standard","meta":{"_bbp_topic_count":0,"_bbp_reply_count":0,"_bbp_total_topic_count":0,"_bbp_total_reply_count":0,"_bbp_voice_count":0,"_bbp_anonymous_reply_count":0,"_bbp_topic_count_hidden":0,"_bbp_reply_count_hidden":0,"_bbp_forum_subforum_count":0,"footnotes":""},"categories":[61,4],"tags":[],"class_list":["post-3137","post","type-post","status-publish","format-standard","has-post-thumbnail","hentry","category-inici","category-portada"],"post_mailing_queue_ids":[],"_links":{"self":[{"href":"https:\/\/agora.xtec.cat\/escjoanblanquer\/wp-json\/wp\/v2\/posts\/3137","targetHints":{"allow":["GET"]}}],"collection":[{"href":"https:\/\/agora.xtec.cat\/escjoanblanquer\/wp-json\/wp\/v2\/posts"}],"about":[{"href":"https:\/\/agora.xtec.cat\/escjoanblanquer\/wp-json\/wp\/v2\/types\/post"}],"author":[{"embeddable":true,"href":"https:\/\/agora.xtec.cat\/escjoanblanquer\/wp-json\/wp\/v2\/users\/1"}],"replies":[{"embeddable":true,"href":"https:\/\/agora.xtec.cat\/escjoanblanquer\/wp-json\/wp\/v2\/comments?post=3137"}],"version-history":[{"count":4,"href":"https:\/\/agora.xtec.cat\/escjoanblanquer\/wp-json\/wp\/v2\/posts\/3137\/revisions"}],"predecessor-version":[{"id":3152,"href":"https:\/\/agora.xtec.cat\/escjoanblanquer\/wp-json\/wp\/v2\/posts\/3137\/revisions\/3152"}],"wp:featuredmedia":[{"embeddable":true,"href":"https:\/\/agora.xtec.cat\/escjoanblanquer\/wp-json\/wp\/v2\/media\/3144"}],"wp:attachment":[{"href":"https:\/\/agora.xtec.cat\/escjoanblanquer\/wp-json\/wp\/v2\/media?parent=3137"}],"wp:term":[{"taxonomy":"category","embeddable":true,"href":"https:\/\/agora.xtec.cat\/escjoanblanquer\/wp-json\/wp\/v2\/categories?post=3137"},{"taxonomy":"post_tag","embeddable":true,"href":"https:\/\/agora.xtec.cat\/escjoanblanquer\/wp-json\/wp\/v2\/tags?post=3137"}],"curies":[{"name":"wp","href":"https:\/\/api.w.org\/{rel}","templated":true}]}}