{"id":3092,"date":"2020-10-28T17:30:44","date_gmt":"2020-10-28T16:30:44","guid":{"rendered":"https:\/\/agora.xtec.cat\/escjoanblanquer\/?p=3092"},"modified":"2020-10-28T17:30:44","modified_gmt":"2020-10-28T16:30:44","slug":"presentacio-del-nom-de-les-classes-tots-els-grups-ja-tenim-nom","status":"publish","type":"post","link":"https:\/\/agora.xtec.cat\/escjoanblanquer\/general\/presentacio-del-nom-de-les-classes-tots-els-grups-ja-tenim-nom\/","title":{"rendered":"Presentaci\u00f3 del nom de les classes. Tots els grups ja tenim nom!!!"},"content":{"rendered":"<p style=\"text-align: center;\"><a href=\"https:\/\/agora.xtec.cat\/escjoanblanquer\/wp-content\/uploads\/usu28\/2020\/10\/noms-classes.png\"><img loading=\"lazy\" decoding=\"async\" class=\"alignnone size-full wp-image-3093\" src=\"https:\/\/agora.xtec.cat\/escjoanblanquer\/wp-content\/uploads\/usu28\/2020\/10\/noms-classes.png\" alt=\"\" width=\"580\" height=\"358\" srcset=\"https:\/\/agora.xtec.cat\/escjoanblanquer\/wp-content\/uploads\/usu28\/2020\/10\/noms-classes.png 580w, https:\/\/agora.xtec.cat\/escjoanblanquer\/wp-content\/uploads\/usu28\/2020\/10\/noms-classes-300x185.png 300w\" sizes=\"auto, (max-width: 580px) 100vw, 580px\" \/><\/a><\/p>\n<p>Hola fam\u00edlies!<\/p>\n<p>Els alumnes de l&#8217;escola us volem informar de novetats que s\u00f3n importants per a nosaltres.<\/p>\n<p>Com cada any, tots els infants del Joan Blanquer hem escollit un nom pel nostre grup. Aquesta \u00e9s una activitat molt esperada per tots, que ens ajuda a identificar-nos com a companys d&#8217;aula i que contribueix a fomentar el sentiment de pertinen\u00e7a i la cohesi\u00f3 de grup. <span style=\"font-family: inherit; font-size: 1em;\">Despr\u00e9s de presentar diferents propostes, debatre molt i fer votacions, ja tenim un nom que ens identificar\u00e0 durant tot el curs 20-21.\u00a0<\/span><\/p>\n<p>En aquest article us fem un tastet de l&#8217;activitat, mostrant-vos els cartells que hem fet i que tenim penjats a les portes de les classes.<\/p>\n<p>Ah! i properament, els nostres tutors us enviaran el v\u00eddeo de presentaci\u00f3 que cada grup ha compartit amb la resta de l&#8217;escola.<\/p>\n<p>Esperem que us agradi tot!<\/p>\n<p><strong>GRUP D&#8217;INFANTIL 3: &#8220;La classe de les plomes&#8221;<\/strong><\/p>\n<p><a href=\"https:\/\/agora.xtec.cat\/escjoanblanquer\/wp-content\/uploads\/usu28\/2020\/10\/I3.png\"><img loading=\"lazy\" decoding=\"async\" class=\"alignnone size-full wp-image-3094\" src=\"https:\/\/agora.xtec.cat\/escjoanblanquer\/wp-content\/uploads\/usu28\/2020\/10\/I3.png\" alt=\"\" width=\"462\" height=\"619\" srcset=\"https:\/\/agora.xtec.cat\/escjoanblanquer\/wp-content\/uploads\/usu28\/2020\/10\/I3.png 462w, https:\/\/agora.xtec.cat\/escjoanblanquer\/wp-content\/uploads\/usu28\/2020\/10\/I3-224x300.png 224w\" sizes=\"auto, (max-width: 462px) 100vw, 462px\" \/><\/a><\/p>\n<p>&nbsp;<\/p>\n<p><strong>GRUP\u00a0<\/strong><strong>A <\/strong><strong style=\"font-family: inherit; font-size: 1em;\">D&#8217;INFANTIL 4 i 5: &#8220;La classe del gel&#8221;<\/strong><\/p>\n<p><a href=\"https:\/\/agora.xtec.cat\/escjoanblanquer\/wp-content\/uploads\/usu28\/2020\/10\/I4I5A.png\"><img loading=\"lazy\" decoding=\"async\" class=\"alignnone size-full wp-image-3095\" src=\"https:\/\/agora.xtec.cat\/escjoanblanquer\/wp-content\/uploads\/usu28\/2020\/10\/I4I5A.png\" alt=\"\" width=\"461\" height=\"616\" srcset=\"https:\/\/agora.xtec.cat\/escjoanblanquer\/wp-content\/uploads\/usu28\/2020\/10\/I4I5A.png 461w, https:\/\/agora.xtec.cat\/escjoanblanquer\/wp-content\/uploads\/usu28\/2020\/10\/I4I5A-225x300.png 225w\" sizes=\"auto, (max-width: 461px) 100vw, 461px\" \/><\/a><\/p>\n<p>&nbsp;<\/p>\n<p><strong>GRUP B<\/strong><strong>\u00a0<\/strong><strong style=\"font-family: inherit; font-size: 1em;\">D&#8217;INFANTIL 4 i 5: &#8220;La classe de les princeses i els pr\u00ednceps&#8221;<\/strong><\/p>\n<p><a href=\"https:\/\/agora.xtec.cat\/escjoanblanquer\/wp-content\/uploads\/usu28\/2020\/10\/I4I5B.png\"><img loading=\"lazy\" decoding=\"async\" class=\"alignnone size-full wp-image-3096\" src=\"https:\/\/agora.xtec.cat\/escjoanblanquer\/wp-content\/uploads\/usu28\/2020\/10\/I4I5B.png\" alt=\"\" width=\"466\" height=\"619\" srcset=\"https:\/\/agora.xtec.cat\/escjoanblanquer\/wp-content\/uploads\/usu28\/2020\/10\/I4I5B.png 466w, https:\/\/agora.xtec.cat\/escjoanblanquer\/wp-content\/uploads\/usu28\/2020\/10\/I4I5B-226x300.png 226w\" sizes=\"auto, (max-width: 466px) 100vw, 466px\" \/><\/a><\/p>\n<p>&nbsp;<\/p>\n<p><strong>GRUP C<\/strong><strong>\u00a0<\/strong><strong style=\"font-family: inherit; font-size: 1em;\">D&#8217;INFANTIL 4 i 5: &#8220;La classe dels dinosaures&#8221;\u00a0<\/strong><\/p>\n<p><a href=\"https:\/\/agora.xtec.cat\/escjoanblanquer\/wp-content\/uploads\/usu28\/2020\/10\/I4I5C.png\"><img loading=\"lazy\" decoding=\"async\" class=\"alignnone size-full wp-image-3097\" src=\"https:\/\/agora.xtec.cat\/escjoanblanquer\/wp-content\/uploads\/usu28\/2020\/10\/I4I5C.png\" alt=\"\" width=\"468\" height=\"621\" srcset=\"https:\/\/agora.xtec.cat\/escjoanblanquer\/wp-content\/uploads\/usu28\/2020\/10\/I4I5C.png 468w, https:\/\/agora.xtec.cat\/escjoanblanquer\/wp-content\/uploads\/usu28\/2020\/10\/I4I5C-226x300.png 226w\" sizes=\"auto, (max-width: 468px) 100vw, 468px\" \/><\/a><\/p>\n<p>&nbsp;<\/p>\n<p><strong>GRUP\u00a0<\/strong><strong>A <\/strong><strong style=\"font-family: inherit; font-size: 1em;\">DE 1r i 2n: &#8220;La classe dels esportistes&#8221;<\/strong><\/p>\n<p><a href=\"https:\/\/agora.xtec.cat\/escjoanblanquer\/wp-content\/uploads\/usu28\/2020\/10\/1r2nA.png\"><img loading=\"lazy\" decoding=\"async\" class=\"alignnone size-full wp-image-3098\" src=\"https:\/\/agora.xtec.cat\/escjoanblanquer\/wp-content\/uploads\/usu28\/2020\/10\/1r2nA.png\" alt=\"\" width=\"785\" height=\"615\" srcset=\"https:\/\/agora.xtec.cat\/escjoanblanquer\/wp-content\/uploads\/usu28\/2020\/10\/1r2nA.png 785w, https:\/\/agora.xtec.cat\/escjoanblanquer\/wp-content\/uploads\/usu28\/2020\/10\/1r2nA-300x235.png 300w, https:\/\/agora.xtec.cat\/escjoanblanquer\/wp-content\/uploads\/usu28\/2020\/10\/1r2nA-768x602.png 768w\" sizes=\"auto, (max-width: 785px) 100vw, 785px\" \/><\/a><\/p>\n<p>&nbsp;<\/p>\n<p><strong>GRUP B<\/strong><strong>\u00a0<\/strong><strong style=\"font-family: inherit; font-size: 1em;\">DE 1r i 2n: &#8220;La classe dels i les futbolistes&#8221;<\/strong><\/p>\n<p><a href=\"https:\/\/agora.xtec.cat\/escjoanblanquer\/wp-content\/uploads\/usu28\/2020\/10\/1r2nB.png\"><img loading=\"lazy\" decoding=\"async\" class=\"alignnone size-full wp-image-3099\" src=\"https:\/\/agora.xtec.cat\/escjoanblanquer\/wp-content\/uploads\/usu28\/2020\/10\/1r2nB.png\" alt=\"\" width=\"465\" height=\"620\" srcset=\"https:\/\/agora.xtec.cat\/escjoanblanquer\/wp-content\/uploads\/usu28\/2020\/10\/1r2nB.png 465w, https:\/\/agora.xtec.cat\/escjoanblanquer\/wp-content\/uploads\/usu28\/2020\/10\/1r2nB-225x300.png 225w\" sizes=\"auto, (max-width: 465px) 100vw, 465px\" \/><\/a><\/p>\n<p>&nbsp;<\/p>\n<p><strong>GRUP C<\/strong><strong>\u00a0<\/strong><strong style=\"font-family: inherit; font-size: 1em;\">DE 1r i 2n: &#8220;La classe de la mitologia&#8221;<\/strong><\/p>\n<p><a href=\"https:\/\/agora.xtec.cat\/escjoanblanquer\/wp-content\/uploads\/usu28\/2020\/10\/1r2nC.png\"><img loading=\"lazy\" decoding=\"async\" class=\"alignnone size-full wp-image-3108\" src=\"https:\/\/agora.xtec.cat\/escjoanblanquer\/wp-content\/uploads\/usu28\/2020\/10\/1r2nC.png\" alt=\"\" width=\"515\" height=\"596\" srcset=\"https:\/\/agora.xtec.cat\/escjoanblanquer\/wp-content\/uploads\/usu28\/2020\/10\/1r2nC.png 515w, https:\/\/agora.xtec.cat\/escjoanblanquer\/wp-content\/uploads\/usu28\/2020\/10\/1r2nC-259x300.png 259w\" sizes=\"auto, (max-width: 515px) 100vw, 515px\" \/><\/a><\/p>\n<p>&nbsp;<\/p>\n<p><strong>GRUP B<\/strong><strong>\u00a0<\/strong><strong style=\"font-family: inherit; font-size: 1em;\">DE 3r i 4t: &#8220;La classe dels exploradors de la natura&#8221;<\/strong><\/p>\n<p><a href=\"https:\/\/agora.xtec.cat\/escjoanblanquer\/wp-content\/uploads\/usu28\/2020\/10\/3r4tA.png\"><img loading=\"lazy\" decoding=\"async\" class=\"alignnone size-full wp-image-3100\" src=\"https:\/\/agora.xtec.cat\/escjoanblanquer\/wp-content\/uploads\/usu28\/2020\/10\/3r4tA.png\" alt=\"\" width=\"802\" height=\"608\" srcset=\"https:\/\/agora.xtec.cat\/escjoanblanquer\/wp-content\/uploads\/usu28\/2020\/10\/3r4tA.png 802w, https:\/\/agora.xtec.cat\/escjoanblanquer\/wp-content\/uploads\/usu28\/2020\/10\/3r4tA-300x227.png 300w, https:\/\/agora.xtec.cat\/escjoanblanquer\/wp-content\/uploads\/usu28\/2020\/10\/3r4tA-768x582.png 768w\" sizes=\"auto, (max-width: 802px) 100vw, 802px\" \/><\/a><\/p>\n<p>&nbsp;<\/p>\n<p><strong>GRUP C<\/strong><strong>\u00a0<\/strong><strong style=\"font-family: inherit; font-size: 1em;\">DE 3r i 4t: &#8220;La classe del cinema&#8221;<\/strong><\/p>\n<p><a href=\"https:\/\/agora.xtec.cat\/escjoanblanquer\/wp-content\/uploads\/usu28\/2020\/10\/3r4tB.png\"><img loading=\"lazy\" decoding=\"async\" class=\"alignnone size-full wp-image-3101\" src=\"https:\/\/agora.xtec.cat\/escjoanblanquer\/wp-content\/uploads\/usu28\/2020\/10\/3r4tB.png\" alt=\"\" width=\"782\" height=\"615\" srcset=\"https:\/\/agora.xtec.cat\/escjoanblanquer\/wp-content\/uploads\/usu28\/2020\/10\/3r4tB.png 782w, https:\/\/agora.xtec.cat\/escjoanblanquer\/wp-content\/uploads\/usu28\/2020\/10\/3r4tB-300x236.png 300w, https:\/\/agora.xtec.cat\/escjoanblanquer\/wp-content\/uploads\/usu28\/2020\/10\/3r4tB-768x604.png 768w\" sizes=\"auto, (max-width: 782px) 100vw, 782px\" \/><\/a><\/p>\n<p>&nbsp;<\/p>\n<p><strong>GRUP A<\/strong><strong>\u00a0<\/strong><strong style=\"font-family: inherit; font-size: 1em;\">DE 3r i 4t: &#8220;La classe de l&#8217;univers&#8221;<\/strong><\/p>\n<p><a href=\"https:\/\/agora.xtec.cat\/escjoanblanquer\/wp-content\/uploads\/usu28\/2020\/10\/3r4tC.png\"><img loading=\"lazy\" decoding=\"async\" class=\"alignnone size-full wp-image-3102\" src=\"https:\/\/agora.xtec.cat\/escjoanblanquer\/wp-content\/uploads\/usu28\/2020\/10\/3r4tC.png\" alt=\"\" width=\"455\" height=\"609\" srcset=\"https:\/\/agora.xtec.cat\/escjoanblanquer\/wp-content\/uploads\/usu28\/2020\/10\/3r4tC.png 455w, https:\/\/agora.xtec.cat\/escjoanblanquer\/wp-content\/uploads\/usu28\/2020\/10\/3r4tC-224x300.png 224w\" sizes=\"auto, (max-width: 455px) 100vw, 455px\" \/><\/a><\/p>\n<p>&nbsp;<\/p>\n<p><strong>GRUP A<\/strong><strong>\u00a0<\/strong><strong style=\"font-family: inherit; font-size: 1em;\">DE 5\u00e8 i 6\u00e8: &#8220;La classe dels emojis&#8221;\u00a0<\/strong><\/p>\n<p><a href=\"https:\/\/agora.xtec.cat\/escjoanblanquer\/wp-content\/uploads\/usu28\/2020\/10\/5e6eA.png\"><img loading=\"lazy\" decoding=\"async\" class=\"alignnone size-full wp-image-3103\" src=\"https:\/\/agora.xtec.cat\/escjoanblanquer\/wp-content\/uploads\/usu28\/2020\/10\/5e6eA.png\" alt=\"\" width=\"807\" height=\"614\" srcset=\"https:\/\/agora.xtec.cat\/escjoanblanquer\/wp-content\/uploads\/usu28\/2020\/10\/5e6eA.png 807w, https:\/\/agora.xtec.cat\/escjoanblanquer\/wp-content\/uploads\/usu28\/2020\/10\/5e6eA-300x228.png 300w, https:\/\/agora.xtec.cat\/escjoanblanquer\/wp-content\/uploads\/usu28\/2020\/10\/5e6eA-768x584.png 768w\" sizes=\"auto, (max-width: 807px) 100vw, 807px\" \/><\/a><\/p>\n<p>&nbsp;<\/p>\n<p><strong>GRUP B<\/strong><strong>\u00a0<\/strong><strong style=\"font-family: inherit; font-size: 1em;\">DE 5\u00e8 i 6\u00e8: &#8220;La classe dels \u00e9ssers mitol\u00f2gics&#8221;<\/strong><\/p>\n<p><a href=\"https:\/\/agora.xtec.cat\/escjoanblanquer\/wp-content\/uploads\/usu28\/2020\/10\/5e6eB.png\"><img loading=\"lazy\" decoding=\"async\" class=\"alignnone size-full wp-image-3104\" src=\"https:\/\/agora.xtec.cat\/escjoanblanquer\/wp-content\/uploads\/usu28\/2020\/10\/5e6eB.png\" alt=\"\" width=\"822\" height=\"617\" srcset=\"https:\/\/agora.xtec.cat\/escjoanblanquer\/wp-content\/uploads\/usu28\/2020\/10\/5e6eB.png 822w, https:\/\/agora.xtec.cat\/escjoanblanquer\/wp-content\/uploads\/usu28\/2020\/10\/5e6eB-300x225.png 300w, https:\/\/agora.xtec.cat\/escjoanblanquer\/wp-content\/uploads\/usu28\/2020\/10\/5e6eB-768x576.png 768w, https:\/\/agora.xtec.cat\/escjoanblanquer\/wp-content\/uploads\/usu28\/2020\/10\/5e6eB-200x150.png 200w\" sizes=\"auto, (max-width: 822px) 100vw, 822px\" \/><\/a><\/p>\n<p>&nbsp;<\/p>\n<p><strong>GRUP C<\/strong><strong>\u00a0<\/strong><strong style=\"font-family: inherit; font-size: 1em;\">DE 5\u00e8 i 6\u00e8: &#8220;La classe del viatge en el temps&#8221;<\/strong><\/p>\n<p><a href=\"https:\/\/agora.xtec.cat\/escjoanblanquer\/wp-content\/uploads\/usu28\/2020\/10\/5e6eC.png\"><img loading=\"lazy\" decoding=\"async\" class=\"alignnone size-full wp-image-3105\" src=\"https:\/\/agora.xtec.cat\/escjoanblanquer\/wp-content\/uploads\/usu28\/2020\/10\/5e6eC.png\" alt=\"\" width=\"463\" height=\"618\" srcset=\"https:\/\/agora.xtec.cat\/escjoanblanquer\/wp-content\/uploads\/usu28\/2020\/10\/5e6eC.png 463w, https:\/\/agora.xtec.cat\/escjoanblanquer\/wp-content\/uploads\/usu28\/2020\/10\/5e6eC-225x300.png 225w\" sizes=\"auto, (max-width: 463px) 100vw, 463px\" \/><\/a><\/p>\n","protected":false},"excerpt":{"rendered":"<p>Com cada any, tots els infants del Joan Blanquer hem escollit un nom pel nostre grup.&hellip;  <a href=\"https:\/\/agora.xtec.cat\/escjoanblanquer\/general\/presentacio-del-nom-de-les-classes-tots-els-grups-ja-tenim-nom\/\" title=\"Read Presentaci\u00f3 del nom de les classes. Tots els grups ja tenim nom!!!\">Llegeix m\u00e9s\u00bb<\/a><\/p>\n","protected":false},"author":1,"featured_media":3093,"comment_status":"closed","ping_status":"closed","sticky":false,"template":"","format":"standard","meta":{"_bbp_topic_count":0,"_bbp_reply_count":0,"_bbp_total_topic_count":0,"_bbp_total_reply_count":0,"_bbp_voice_count":0,"_bbp_anonymous_reply_count":0,"_bbp_topic_count_hidden":0,"_bbp_reply_count_hidden":0,"_bbp_forum_subforum_count":0,"footnotes":""},"categories":[1,61,4],"tags":[],"class_list":["post-3092","post","type-post","status-publish","format-standard","has-post-thumbnail","hentry","category-general","category-inici","category-portada"],"post_mailing_queue_ids":[],"_links":{"self":[{"href":"https:\/\/agora.xtec.cat\/escjoanblanquer\/wp-json\/wp\/v2\/posts\/3092","targetHints":{"allow":["GET"]}}],"collection":[{"href":"https:\/\/agora.xtec.cat\/escjoanblanquer\/wp-json\/wp\/v2\/posts"}],"about":[{"href":"https:\/\/agora.xtec.cat\/escjoanblanquer\/wp-json\/wp\/v2\/types\/post"}],"author":[{"embeddable":true,"href":"https:\/\/agora.xtec.cat\/escjoanblanquer\/wp-json\/wp\/v2\/users\/1"}],"replies":[{"embeddable":true,"href":"https:\/\/agora.xtec.cat\/escjoanblanquer\/wp-json\/wp\/v2\/comments?post=3092"}],"version-history":[{"count":3,"href":"https:\/\/agora.xtec.cat\/escjoanblanquer\/wp-json\/wp\/v2\/posts\/3092\/revisions"}],"predecessor-version":[{"id":3111,"href":"https:\/\/agora.xtec.cat\/escjoanblanquer\/wp-json\/wp\/v2\/posts\/3092\/revisions\/3111"}],"wp:featuredmedia":[{"embeddable":true,"href":"https:\/\/agora.xtec.cat\/escjoanblanquer\/wp-json\/wp\/v2\/media\/3093"}],"wp:attachment":[{"href":"https:\/\/agora.xtec.cat\/escjoanblanquer\/wp-json\/wp\/v2\/media?parent=3092"}],"wp:term":[{"taxonomy":"category","embeddable":true,"href":"https:\/\/agora.xtec.cat\/escjoanblanquer\/wp-json\/wp\/v2\/categories?post=3092"},{"taxonomy":"post_tag","embeddable":true,"href":"https:\/\/agora.xtec.cat\/escjoanblanquer\/wp-json\/wp\/v2\/tags?post=3092"}],"curies":[{"name":"wp","href":"https:\/\/api.w.org\/{rel}","templated":true}]}}