{"id":3060,"date":"2020-09-10T09:47:43","date_gmt":"2020-09-10T07:47:43","guid":{"rendered":"https:\/\/agora.xtec.cat\/escjoanblanquer\/?p=3060"},"modified":"2020-09-10T16:53:27","modified_gmt":"2020-09-10T14:53:27","slug":"bon-inici-de-curs","status":"publish","type":"post","link":"https:\/\/agora.xtec.cat\/escjoanblanquer\/portada\/bon-inici-de-curs\/","title":{"rendered":"BON INICI DE CURS_PLA DE OBERTURA DE CENTRE CURS 20-21"},"content":{"rendered":"<p>Benvolgudes fam\u00edlies de l\u2019escola,<\/p>\n<p>L\u2019inici d\u2019aquest curs escolar 2020-2021 est\u00e0 marcat per caracter\u00edstiques extraordin\u00e0ries a causa de la pand\u00e8mia de la COVID-19.<\/p>\n<p>Ara m\u00e9s que mai, l\u2019escola t\u00e9 un paper fonamental, perqu\u00e8 ha de garantir <strong>el dret a l\u2019educaci\u00f3 dels nostres infants<\/strong> i ha de mantenir la seva funci\u00f3 de socialitzaci\u00f3 i de formaci\u00f3 en qualitat i equitat per a <strong>tots els nens i nenes<\/strong>.<\/p>\n<p>Tota la comunitat educativa ens trobem <strong>dalt del vaixell<\/strong> <strong>del Joan Blanquer<\/strong>. Ens espera una <strong>travessa ben diferent<\/strong> a la que coneix\u00edem fins ara. Convertirem <strong>les incerteses en una aventura plena de sorpreses i aprenentatges. <\/strong>Caldr\u00e0, per\u00f2, <strong>adaptar-nos als canvis que es vagin presentant al llarg del viatge.<\/strong><\/p>\n<p><strong>\u00a0<\/strong>Ens caldr\u00e0 navegar <strong>tots plegats i en la mateixa direcci\u00f3 <\/strong>i, si en algun moment les tempestes es presenten fortes, entre tots de ben segur que trobarem el rumb i el m\u00e9s important&#8230; \u00e9s que <strong>mai estarem sols.<\/strong><\/p>\n<p><strong>\u00a0<\/strong>Ens espera un llarg viatge durant el que abocarem tots els esfor\u00e7os necessaris i encararem <strong>la br\u00faixola de l\u2019amor cap als infants. <\/strong>Posarem<strong> energia, serenitat, empatia, alegria, calma, sensibilitat, amabilitat, generositat, confian\u00e7a&#8230;<\/strong> perqu\u00e8 els nens i nenes puguin sentir-se <strong>segurs i sobretot FELI\u00c7OS<\/strong>.<\/p>\n<p>Aix\u00ed doncs, que comenci la travessa 2020-2021.<\/p>\n<p><strong>Bon viatge!!!<\/strong><\/p>\n<p>&nbsp;<\/p>\n<p>Us adjuntem els documents seg\u00fcents: &#8211; <a href=\"https:\/\/agora.xtec.cat\/escjoanblanquer\/wp-content\/uploads\/usu28\/2020\/09\/PLA-SETEMBRE-dia-10.pdf\">PLA SETEMBRE dia 10<\/a>&#8211;<a href=\"https:\/\/agora.xtec.cat\/escjoanblanquer\/wp-content\/uploads\/usu28\/2020\/09\/DOSSIER-GROC-20-21-dia-10.pdf\">DOSSIER GROC 20-21 dia 10<\/a><\/p>\n","protected":false},"excerpt":{"rendered":"<p>Benvolgudes fam\u00edlies de l\u2019escola,<br \/>\nL\u2019inici d\u2019aquest curs escolar 2020-2021 est\u00e0 marcat per caracter\u00edstiques extraordin\u00e0ries a causa de la pand\u00e8mia de la COVID-19.<br \/>\nAra m\u00e9s que mai, l\u2019escola t\u00e9 un paper fonamental, perqu\u00e8 ha de garantir el dret a l\u2019educaci\u00f3 dels nostres infants i ha de mantenir la&hellip;  <a href=\"https:\/\/agora.xtec.cat\/escjoanblanquer\/portada\/bon-inici-de-curs\/\" title=\"Read BON INICI DE CURS_PLA DE OBERTURA DE CENTRE CURS 20-21\">Llegeix m\u00e9s\u00bb<\/a><\/p>\n","protected":false},"author":1,"featured_media":0,"comment_status":"open","ping_status":"closed","sticky":false,"template":"","format":"standard","meta":{"_bbp_topic_count":0,"_bbp_reply_count":0,"_bbp_total_topic_count":0,"_bbp_total_reply_count":0,"_bbp_voice_count":0,"_bbp_anonymous_reply_count":0,"_bbp_topic_count_hidden":0,"_bbp_reply_count_hidden":0,"_bbp_forum_subforum_count":0,"footnotes":""},"categories":[61,4],"tags":[],"class_list":["post-3060","post","type-post","status-publish","format-standard","hentry","category-inici","category-portada"],"post_mailing_queue_ids":[],"_links":{"self":[{"href":"https:\/\/agora.xtec.cat\/escjoanblanquer\/wp-json\/wp\/v2\/posts\/3060","targetHints":{"allow":["GET"]}}],"collection":[{"href":"https:\/\/agora.xtec.cat\/escjoanblanquer\/wp-json\/wp\/v2\/posts"}],"about":[{"href":"https:\/\/agora.xtec.cat\/escjoanblanquer\/wp-json\/wp\/v2\/types\/post"}],"author":[{"embeddable":true,"href":"https:\/\/agora.xtec.cat\/escjoanblanquer\/wp-json\/wp\/v2\/users\/1"}],"replies":[{"embeddable":true,"href":"https:\/\/agora.xtec.cat\/escjoanblanquer\/wp-json\/wp\/v2\/comments?post=3060"}],"version-history":[{"count":4,"href":"https:\/\/agora.xtec.cat\/escjoanblanquer\/wp-json\/wp\/v2\/posts\/3060\/revisions"}],"predecessor-version":[{"id":3079,"href":"https:\/\/agora.xtec.cat\/escjoanblanquer\/wp-json\/wp\/v2\/posts\/3060\/revisions\/3079"}],"wp:attachment":[{"href":"https:\/\/agora.xtec.cat\/escjoanblanquer\/wp-json\/wp\/v2\/media?parent=3060"}],"wp:term":[{"taxonomy":"category","embeddable":true,"href":"https:\/\/agora.xtec.cat\/escjoanblanquer\/wp-json\/wp\/v2\/categories?post=3060"},{"taxonomy":"post_tag","embeddable":true,"href":"https:\/\/agora.xtec.cat\/escjoanblanquer\/wp-json\/wp\/v2\/tags?post=3060"}],"curies":[{"name":"wp","href":"https:\/\/api.w.org\/{rel}","templated":true}]}}