{"id":997,"date":"2012-03-15T11:49:01","date_gmt":"2012-03-15T11:49:01","guid":{"rendered":"http:\/\/joanardevol.org\/info\/?p=997"},"modified":"2012-03-15T11:49:01","modified_gmt":"2012-03-15T11:49:01","slug":"4t-de-primaria-reciclem-paper","status":"publish","type":"post","link":"https:\/\/agora.xtec.cat\/escjoanardevol\/general\/4t-de-primaria-reciclem-paper\/","title":{"rendered":"4t de Prim\u00e0ria: RECICLEM PAPER!"},"content":{"rendered":"<p>El dia 1 de mar\u00e7, els alumnes i les alumnes de quart vam fer un taller de reciclatge de paper.<br \/>\nEl monitor de l\u00b4 activitat ens va explicar la import\u00e0ncia de l\u00b4 escriptura i l\u00b4 evoluci\u00f3 del paper a trav\u00e9s de la hist\u00f2ria. I tamb\u00e9 que cal estalviar paper per no perjudicar el medi ambient.<\/p>\n<p>El dia abans vam posar diaris vells en remull. Despr\u00e9s vam fer una pasta amb una batedora que vam col\u2022locar en un sed\u00e0s rectangular. Despr\u00e9s de treure l\u00b4 aigua vam posar els fulls de paper reciclat en una premsa.<\/p>\n<p>Cal deixar-lo assecar uns dies i ja podem reutilitzar el paper!<\/p>\n<div style=\"width: 500px; font-family: arial,sans-serif; font-size: 13px;\">\n<div><object width=\"500\" height=\"333\" classid=\"clsid:d27cdb6e-ae6d-11cf-96b8-444553540000\" codebase=\"http:\/\/download.macromedia.com\/pub\/shockwave\/cabs\/flash\/swflash.cab#version=6,0,40,0\"><param name=\"src\" value=\"https:\/\/picasaweb.google.com\/s\/c\/bin\/slideshow.swf\" \/><param name=\"flashvars\" value=\"host=picasaweb.google.com&amp;hl=ca&amp;feat=flashalbum&amp;RGB=0x000000&amp;feed=https%3A%2F%2Fpicasaweb.google.com%2Fdata%2Ffeed%2Fapi%2Fuser%2F118145186668281686585%2Falbumid%2F5720087108330590369%3Falt%3Drss%26kind%3Dphoto%26hl%3Dca\" \/><param name=\"pluginspage\" value=\"http:\/\/www.macromedia.com\/go\/getflashplayer\" \/><embed width=\"500\" height=\"333\" type=\"application\/x-shockwave-flash\" src=\"https:\/\/picasaweb.google.com\/s\/c\/bin\/slideshow.swf\" flashvars=\"host=picasaweb.google.com&amp;hl=ca&amp;feat=flashalbum&amp;RGB=0x000000&amp;feed=https%3A%2F%2Fpicasaweb.google.com%2Fdata%2Ffeed%2Fapi%2Fuser%2F118145186668281686585%2Falbumid%2F5720087108330590369%3Falt%3Drss%26kind%3Dphoto%26hl%3Dca\" pluginspage=\"http:\/\/www.macromedia.com\/go\/getflashplayer\" \/><\/object><\/div>\n<p><span style=\"float: left;\"><a style=\"color: #3964c2;\" href=\"https:\/\/picasaweb.google.com\/118145186668281686585\/TallerReciclatge?authuser=0&amp;feat=flashalbum\">Mostra-ho tot<\/a><\/span><\/p>\n<div style=\"text-align: right;\"><a style=\"color: #3964c2;\" href=\"http:\/\/picasaweb.google.com\/lh\/getEmbed?feat=flashalbum\">Obteniu el vostre<\/a><\/div>\n<\/div>\n","protected":false},"excerpt":{"rendered":"<p>El dia 1 de mar\u00e7, els alumnes i les alumnes de quart vam fer un taller de reciclatge de paper.<br \/>\nEl monitor de l\u00b4 activitat ens va explicar la import\u00e0ncia de l\u00b4 escriptura i l\u00b4 evoluci\u00f3 del paper a trav\u00e9s de la hist\u00f2ria. I tamb\u00e9 que&hellip;  <a href=\"https:\/\/agora.xtec.cat\/escjoanardevol\/general\/4t-de-primaria-reciclem-paper\/\" title=\"Read 4t de Prim\u00e0ria: RECICLEM PAPER!\">Llegeix m\u00e9s\u00bb<\/a><\/p>\n","protected":false},"author":1,"featured_media":0,"comment_status":"open","ping_status":"open","sticky":false,"template":"","format":"standard","meta":{"_bbp_topic_count":0,"_bbp_reply_count":0,"_bbp_total_topic_count":0,"_bbp_total_reply_count":0,"_bbp_voice_count":0,"_bbp_anonymous_reply_count":0,"_bbp_topic_count_hidden":0,"_bbp_reply_count_hidden":0,"_bbp_forum_subforum_count":0,"footnotes":""},"categories":[12,1],"tags":[59,76,140,164,182,187],"class_list":["post-997","post","type-post","status-publish","format-standard","hentry","category-3r","category-general","tag-activitats","tag-cicle-mitja","tag-medi","tag-reciclatge","tag-treball","tag-valors"],"post_mailing_queue_ids":[],"_links":{"self":[{"href":"https:\/\/agora.xtec.cat\/escjoanardevol\/wp-json\/wp\/v2\/posts\/997","targetHints":{"allow":["GET"]}}],"collection":[{"href":"https:\/\/agora.xtec.cat\/escjoanardevol\/wp-json\/wp\/v2\/posts"}],"about":[{"href":"https:\/\/agora.xtec.cat\/escjoanardevol\/wp-json\/wp\/v2\/types\/post"}],"author":[{"embeddable":true,"href":"https:\/\/agora.xtec.cat\/escjoanardevol\/wp-json\/wp\/v2\/users\/1"}],"replies":[{"embeddable":true,"href":"https:\/\/agora.xtec.cat\/escjoanardevol\/wp-json\/wp\/v2\/comments?post=997"}],"version-history":[{"count":0,"href":"https:\/\/agora.xtec.cat\/escjoanardevol\/wp-json\/wp\/v2\/posts\/997\/revisions"}],"wp:attachment":[{"href":"https:\/\/agora.xtec.cat\/escjoanardevol\/wp-json\/wp\/v2\/media?parent=997"}],"wp:term":[{"taxonomy":"category","embeddable":true,"href":"https:\/\/agora.xtec.cat\/escjoanardevol\/wp-json\/wp\/v2\/categories?post=997"},{"taxonomy":"post_tag","embeddable":true,"href":"https:\/\/agora.xtec.cat\/escjoanardevol\/wp-json\/wp\/v2\/tags?post=997"}],"curies":[{"name":"wp","href":"https:\/\/api.w.org\/{rel}","templated":true}]}}