{"id":991,"date":"2012-03-13T16:23:30","date_gmt":"2012-03-13T16:23:30","guid":{"rendered":"http:\/\/joanardevol.org\/info\/?p=991"},"modified":"2012-03-13T16:23:30","modified_gmt":"2012-03-13T16:23:30","slug":"preinscripcio-2012","status":"publish","type":"post","link":"https:\/\/agora.xtec.cat\/escjoanardevol\/general\/preinscripcio-2012\/","title":{"rendered":"PREINSCRIPCI\u00d3 2012"},"content":{"rendered":"<p>La nostra escola ofereix 50 places a P3.<\/p>\n<p>El per\u00edode de preinscripci\u00f3 \u00e9s del 19 al 30 de mar\u00e7.<\/p>\n<p>Podeu obtenir m\u00e9s informaci\u00f3 visitant la web del <a title=\"Departament d'Ensenyament\" href=\"http:\/\/www20.gencat.cat\/portal\/site\/queestudiar\/menuitem.d7cfc336363a7af8e85c7273b0c0e1a0\/?vgnextoid=3becd1c793af4310VgnVCM2000009b0c1e0aRCRD&amp;vgnextchannel=3becd1c793af4310VgnVCM2000009b0c1e0aRCRD&amp;vgnextfmt=default\" target=\"_blank\">Departament d\u2019Ensenyament <\/a>o b\u00e9 venint a secretaria els dilluns, dimecres i divendres pel mat\u00ed de 9:00 a 11:00 o b\u00e9 els dimarts i dijous de 15:00 a 16:00.<\/p>\n<p><a title=\"preinscripcio\" href=\"http:\/\/www20.gencat.cat\/portal\/site\/queestudiar\/menuitem.d7cfc336363a7af8e85c7273b0c0e1a0\/?vgnextoid=3becd1c793af4310VgnVCM2000009b0c1e0aRCRD&amp;vgnextchannel=3becd1c793af4310VgnVCM2000009b0c1e0aRCRD&amp;vgnextfmt=default\" target=\"_blank\"><img loading=\"lazy\" decoding=\"async\" class=\"alignnone\" title=\"preinscripci\u00f3\" src=\"http:\/\/www20.gencat.cat\/docs\/canaleducacio\/Home\/Preinscripcio\/Preinscripcio%20i%20matricula\/Imatges%20navegadora%20%20Preinscipcio\/Preinscripcio.jpg\" alt=\"\" width=\"600\" height=\"90\" \/><\/a><\/p>\n","protected":false},"excerpt":{"rendered":"<p>La nostra escola ofereix 50 places a P3.<br \/>\nEl per\u00edode de preinscripci\u00f3 \u00e9s del 19 al 30 de mar\u00e7.<br \/>\nPodeu obtenir m\u00e9s informaci\u00f3 visitant la web del <a title=\"Departament d'Ensenyament\" href=\"http:\/\/www20.gencat.cat\/portal\/site\/queestudiar\/menuitem.d7cfc336363a7af8e85c7273b0c0e1a0\/?vgnextoid=3becd1c793af4310VgnVCM2000009b0c1e0aRCRD&amp;vgnextchannel=3becd1c793af4310VgnVCM2000009b0c1e0aRCRD&amp;vgnextfmt=default\" target=\"_blank\">Departament d\u2019Ensenyament <\/a>o b\u00e9 venint a secretaria els dilluns, dimecres i divendres pel mat\u00ed de 9:00&hellip;  <a href=\"https:\/\/agora.xtec.cat\/escjoanardevol\/general\/preinscripcio-2012\/\" title=\"Read PREINSCRIPCI\u00d3 2012\">Llegeix m\u00e9s\u00bb<\/a><\/p>\n","protected":false},"author":1,"featured_media":0,"comment_status":"open","ping_status":"open","sticky":false,"template":"","format":"standard","meta":{"_bbp_topic_count":0,"_bbp_reply_count":0,"_bbp_total_topic_count":0,"_bbp_total_reply_count":0,"_bbp_voice_count":0,"_bbp_anonymous_reply_count":0,"_bbp_topic_count_hidden":0,"_bbp_reply_count_hidden":0,"_bbp_forum_subforum_count":0,"footnotes":""},"categories":[1],"tags":[139,148,158],"class_list":["post-991","post","type-post","status-publish","format-standard","hentry","category-general","tag-matricula","tag-noticies","tag-preinscripcio"],"post_mailing_queue_ids":[],"_links":{"self":[{"href":"https:\/\/agora.xtec.cat\/escjoanardevol\/wp-json\/wp\/v2\/posts\/991","targetHints":{"allow":["GET"]}}],"collection":[{"href":"https:\/\/agora.xtec.cat\/escjoanardevol\/wp-json\/wp\/v2\/posts"}],"about":[{"href":"https:\/\/agora.xtec.cat\/escjoanardevol\/wp-json\/wp\/v2\/types\/post"}],"author":[{"embeddable":true,"href":"https:\/\/agora.xtec.cat\/escjoanardevol\/wp-json\/wp\/v2\/users\/1"}],"replies":[{"embeddable":true,"href":"https:\/\/agora.xtec.cat\/escjoanardevol\/wp-json\/wp\/v2\/comments?post=991"}],"version-history":[{"count":0,"href":"https:\/\/agora.xtec.cat\/escjoanardevol\/wp-json\/wp\/v2\/posts\/991\/revisions"}],"wp:attachment":[{"href":"https:\/\/agora.xtec.cat\/escjoanardevol\/wp-json\/wp\/v2\/media?parent=991"}],"wp:term":[{"taxonomy":"category","embeddable":true,"href":"https:\/\/agora.xtec.cat\/escjoanardevol\/wp-json\/wp\/v2\/categories?post=991"},{"taxonomy":"post_tag","embeddable":true,"href":"https:\/\/agora.xtec.cat\/escjoanardevol\/wp-json\/wp\/v2\/tags?post=991"}],"curies":[{"name":"wp","href":"https:\/\/api.w.org\/{rel}","templated":true}]}}