{"id":968,"date":"2012-03-09T10:07:24","date_gmt":"2012-03-09T10:07:24","guid":{"rendered":"http:\/\/joanardevol.org\/info\/?p=968"},"modified":"2012-03-09T10:07:24","modified_gmt":"2012-03-09T10:07:24","slug":"sortida-al-moli-de-les-tres-eres","status":"publish","type":"post","link":"https:\/\/agora.xtec.cat\/escjoanardevol\/general\/sortida-al-moli-de-les-tres-eres\/","title":{"rendered":"Sortida al Mol\u00ed de les tres Eres."},"content":{"rendered":"<p>Divendres, 2 de mar\u00e7, els nens i les nenes de P5 vam visitar el Mol\u00ed de les Tres Eres. Va ser una sortida molt interessant perqu\u00e8 el Gerard ens va explicar moltes coses de la hist\u00f2ria del mol\u00ed.<\/p>\n<div style=\"width: 400px; font-family: arial,sans-serif; font-size: 13px;\">\n<div><object width=\"500\" height=\"333\" classid=\"clsid:d27cdb6e-ae6d-11cf-96b8-444553540000\" codebase=\"http:\/\/download.macromedia.com\/pub\/shockwave\/cabs\/flash\/swflash.cab#version=6,0,40,0\"><param name=\"src\" value=\"https:\/\/picasaweb.google.com\/s\/c\/bin\/slideshow.swf\" \/><param name=\"flashvars\" value=\"host=picasaweb.google.com&amp;hl=ca&amp;feat=flashalbum&amp;RGB=0x000000&amp;feed=https%3A%2F%2Fpicasaweb.google.com%2Fdata%2Ffeed%2Fapi%2Fuser%2F118145186668281686585%2Falbumid%2F5720066568806577665%3Falt%3Drss%26kind%3Dphoto%26hl%3Dca\" \/><param name=\"pluginspage\" value=\"http:\/\/www.macromedia.com\/go\/getflashplayer\" \/><embed width=\"500\" height=\"333\" type=\"application\/x-shockwave-flash\" src=\"https:\/\/picasaweb.google.com\/s\/c\/bin\/slideshow.swf\" flashvars=\"host=picasaweb.google.com&amp;hl=ca&amp;feat=flashalbum&amp;RGB=0x000000&amp;feed=https%3A%2F%2Fpicasaweb.google.com%2Fdata%2Ffeed%2Fapi%2Fuser%2F118145186668281686585%2Falbumid%2F5720066568806577665%3Falt%3Drss%26kind%3Dphoto%26hl%3Dca\" pluginspage=\"http:\/\/www.macromedia.com\/go\/getflashplayer\" \/><\/object><\/div>\n<p><span style=\"float: left;\"><a style=\"color: #3964c2;\" href=\"https:\/\/picasaweb.google.com\/118145186668281686585\/MoliDeLesTresEres?authuser=0&amp;feat=flashalbum\">Mostra-ho tot<\/a><\/span><\/p>\n<div style=\"text-align: right;\"><a style=\"color: #3964c2;\" href=\"http:\/\/picasaweb.google.com\/lh\/getEmbed?feat=flashalbum\">Obteniu el vostre<\/a><\/div>\n<\/div>\n","protected":false},"excerpt":{"rendered":"<p>Divendres, 2 de mar\u00e7, els nens i les nenes de P5 vam visitar el Mol\u00ed de les Tres Eres. Va ser una sortida molt interessant perqu\u00e8 el Gerard ens va explicar moltes coses de la hist\u00f2ria del mol\u00ed.<\/p>\n<p><a style=\"color: #3964c2;\" href=\"https:\/\/picasaweb.google.com\/118145186668281686585\/MoliDeLesTresEres?authuser=0&amp;feat=flashalbum\">Mostra-ho tot<\/a><br \/>\n<a style=\"color: #3964c2;\" href=\"http:\/\/picasaweb.google.com\/lh\/getEmbed?feat=flashalbum\">Obteniu&hellip;  <a href=\"https:\/\/agora.xtec.cat\/escjoanardevol\/general\/sortida-al-moli-de-les-tres-eres\/\" title=\"Read Sortida al Mol\u00ed de les tres Eres.\">Llegeix m\u00e9s\u00bb<\/a><\/p>\n","protected":false},"author":1,"featured_media":0,"comment_status":"open","ping_status":"open","sticky":false,"template":"","format":"standard","meta":{"_bbp_topic_count":0,"_bbp_reply_count":0,"_bbp_total_topic_count":0,"_bbp_total_reply_count":0,"_bbp_voice_count":0,"_bbp_anonymous_reply_count":0,"_bbp_topic_count_hidden":0,"_bbp_reply_count_hidden":0,"_bbp_forum_subforum_count":0,"footnotes":""},"categories":[1,2],"tags":[69,103,119,144,149,16],"class_list":["post-968","post","type-post","status-publish","format-standard","hentry","category-general","category-infantil","tag-cambrils","tag-educacio-infantil","tag-historia","tag-museus","tag-p5","tag-sortides"],"post_mailing_queue_ids":[],"_links":{"self":[{"href":"https:\/\/agora.xtec.cat\/escjoanardevol\/wp-json\/wp\/v2\/posts\/968","targetHints":{"allow":["GET"]}}],"collection":[{"href":"https:\/\/agora.xtec.cat\/escjoanardevol\/wp-json\/wp\/v2\/posts"}],"about":[{"href":"https:\/\/agora.xtec.cat\/escjoanardevol\/wp-json\/wp\/v2\/types\/post"}],"author":[{"embeddable":true,"href":"https:\/\/agora.xtec.cat\/escjoanardevol\/wp-json\/wp\/v2\/users\/1"}],"replies":[{"embeddable":true,"href":"https:\/\/agora.xtec.cat\/escjoanardevol\/wp-json\/wp\/v2\/comments?post=968"}],"version-history":[{"count":0,"href":"https:\/\/agora.xtec.cat\/escjoanardevol\/wp-json\/wp\/v2\/posts\/968\/revisions"}],"wp:attachment":[{"href":"https:\/\/agora.xtec.cat\/escjoanardevol\/wp-json\/wp\/v2\/media?parent=968"}],"wp:term":[{"taxonomy":"category","embeddable":true,"href":"https:\/\/agora.xtec.cat\/escjoanardevol\/wp-json\/wp\/v2\/categories?post=968"},{"taxonomy":"post_tag","embeddable":true,"href":"https:\/\/agora.xtec.cat\/escjoanardevol\/wp-json\/wp\/v2\/tags?post=968"}],"curies":[{"name":"wp","href":"https:\/\/api.w.org\/{rel}","templated":true}]}}