{"id":834,"date":"2012-01-27T12:40:23","date_gmt":"2012-01-27T12:40:23","guid":{"rendered":"http:\/\/joanardevol.org\/info\/?p=834"},"modified":"2012-01-27T12:40:23","modified_gmt":"2012-01-27T12:40:23","slug":"el-moli-de-les-tres-eres","status":"publish","type":"post","link":"https:\/\/agora.xtec.cat\/escjoanardevol\/general\/el-moli-de-les-tres-eres\/","title":{"rendered":"&#8220;El mol\u00ed de les Tres Eres&#8221;"},"content":{"rendered":"<p>Dimecres 25 de gener els alumnes de 6\u00e8 vam visitar el &#8220;Mol\u00ed de les Tres Eres&#8221; al museu d&#8217;hist\u00f2ria de Cambrils. All\u00e0 vam con\u00e8ixer el funcionament d&#8217;un antic mol\u00ed hidr\u00e0ulic i vam experimentar amb el llevat i la farina. Vam aprendre que hi\u00a0 ha diferents tipus de cereals: el blat, l&#8217;ordi, la civada,..i vam elaborar pa que despr\u00e9s vam tastar. Estava bon\u00edssim!!<\/p>\n\n<p>&nbsp;<\/p>\n","protected":false},"excerpt":{"rendered":"<p>Dimecres 25 de gener els alumnes de 6\u00e8 vam visitar el &#8220;Mol\u00ed de les Tres Eres&#8221; al museu d&#8217;hist\u00f2ria de Cambrils. All\u00e0 vam con\u00e8ixer el funcionament d&#8217;un antic mol\u00ed hidr\u00e0ulic i vam experimentar amb el llevat i la farina. Vam aprendre que hi\u00a0 ha diferents&hellip;  <a href=\"https:\/\/agora.xtec.cat\/escjoanardevol\/general\/el-moli-de-les-tres-eres\/\" title=\"Read &#8220;El mol\u00ed de les Tres Eres&#8221;\">Llegeix m\u00e9s\u00bb<\/a><\/p>\n","protected":false},"author":1,"featured_media":0,"comment_status":"open","ping_status":"open","sticky":false,"template":"","format":"standard","meta":{"_bbp_topic_count":0,"_bbp_reply_count":0,"_bbp_total_topic_count":0,"_bbp_total_reply_count":0,"_bbp_voice_count":0,"_bbp_anonymous_reply_count":0,"_bbp_topic_count_hidden":0,"_bbp_reply_count_hidden":0,"_bbp_forum_subforum_count":0,"footnotes":""},"categories":[14,1],"tags":[59,69,77,144,16],"class_list":["post-834","post","type-post","status-publish","format-standard","hentry","category-5e","category-general","tag-activitats","tag-cambrils","tag-cicle-superior-2","tag-museus","tag-sortides"],"post_mailing_queue_ids":[],"_links":{"self":[{"href":"https:\/\/agora.xtec.cat\/escjoanardevol\/wp-json\/wp\/v2\/posts\/834","targetHints":{"allow":["GET"]}}],"collection":[{"href":"https:\/\/agora.xtec.cat\/escjoanardevol\/wp-json\/wp\/v2\/posts"}],"about":[{"href":"https:\/\/agora.xtec.cat\/escjoanardevol\/wp-json\/wp\/v2\/types\/post"}],"author":[{"embeddable":true,"href":"https:\/\/agora.xtec.cat\/escjoanardevol\/wp-json\/wp\/v2\/users\/1"}],"replies":[{"embeddable":true,"href":"https:\/\/agora.xtec.cat\/escjoanardevol\/wp-json\/wp\/v2\/comments?post=834"}],"version-history":[{"count":0,"href":"https:\/\/agora.xtec.cat\/escjoanardevol\/wp-json\/wp\/v2\/posts\/834\/revisions"}],"wp:attachment":[{"href":"https:\/\/agora.xtec.cat\/escjoanardevol\/wp-json\/wp\/v2\/media?parent=834"}],"wp:term":[{"taxonomy":"category","embeddable":true,"href":"https:\/\/agora.xtec.cat\/escjoanardevol\/wp-json\/wp\/v2\/categories?post=834"},{"taxonomy":"post_tag","embeddable":true,"href":"https:\/\/agora.xtec.cat\/escjoanardevol\/wp-json\/wp\/v2\/tags?post=834"}],"curies":[{"name":"wp","href":"https:\/\/api.w.org\/{rel}","templated":true}]}}