{"id":829,"date":"2012-01-25T00:33:11","date_gmt":"2012-01-25T00:33:11","guid":{"rendered":"http:\/\/joanardevol.org\/info\/?p=829"},"modified":"2012-01-25T00:33:11","modified_gmt":"2012-01-25T00:33:11","slug":"concurs-de-logos-de-lassociacio-de-veins-la-parellada","status":"publish","type":"post","link":"https:\/\/agora.xtec.cat\/escjoanardevol\/general\/concurs-de-logos-de-lassociacio-de-veins-la-parellada\/","title":{"rendered":"Concurs de logos de L&#8217;Associaci\u00f3 de ve\u00efns &#8220;La Parellada&#8221;"},"content":{"rendered":"<p>Us informem que l&#8217;Enrique Mu\u00f1oz de 6A ha estat el guanyador del concurs de dibuix per triar el logo de l&#8217;Associaci\u00f3 de ve\u00efns &#8220;La Parellada&#8221;.<\/p>\n<p>El dibuix est\u00e0 inspirat en el doble significat de la paraula parellada. D&#8217;una banda, \u00e9s una varietat de ra\u00efm que es conrea a les nostres contrades per\u00f2 d&#8217;altra banda era la quantitat de terra que una <strong>parella de bous<\/strong> podia llaurar en un dia, i d&#8217;aqu\u00ed la paraula &#8220;<strong>parellada<\/strong>&#8220;.<\/p>\n<p>Aquest \u00e9s el dibuix guanyador:<\/p>\n<p><a href=\"http:\/\/www.revistacambrils.com\/index.php?c_noticia=12391\" target=\"_blank\"><img loading=\"lazy\" decoding=\"async\" class=\"alignnone\" title=\"parellada\" src=\"http:\/\/www.revistacambrils.com\/imatges\/2012\/1\/xerrada2.jpg\" alt=\"\" width=\"570\" height=\"379\" \/><\/a><\/p>\n","protected":false},"excerpt":{"rendered":"<p>Us informem que l&#8217;Enrique Mu\u00f1oz de 6A ha estat el guanyador del concurs de dibuix per triar el logo de l&#8217;Associaci\u00f3 de ve\u00efns &#8220;La Parellada&#8221;.<br \/>\nEl dibuix est\u00e0 inspirat en el doble significat de la paraula parellada. D&#8217;una banda, \u00e9s una varietat de ra\u00efm que es&hellip;  <a href=\"https:\/\/agora.xtec.cat\/escjoanardevol\/general\/concurs-de-logos-de-lassociacio-de-veins-la-parellada\/\" title=\"Read Concurs de logos de L&#8217;Associaci\u00f3 de ve\u00efns &#8220;La Parellada&#8221;\">Llegeix m\u00e9s\u00bb<\/a><\/p>\n","protected":false},"author":1,"featured_media":0,"comment_status":"open","ping_status":"open","sticky":false,"template":"","format":"standard","meta":{"_bbp_topic_count":0,"_bbp_reply_count":0,"_bbp_total_topic_count":0,"_bbp_total_reply_count":0,"_bbp_voice_count":0,"_bbp_anonymous_reply_count":0,"_bbp_topic_count_hidden":0,"_bbp_reply_count_hidden":0,"_bbp_forum_subforum_count":0,"footnotes":""},"categories":[14,1],"tags":[59,89,150,160],"class_list":["post-829","post","type-post","status-publish","format-standard","hentry","category-5e","category-general","tag-activitats","tag-concursos","tag-parellada","tag-premis"],"post_mailing_queue_ids":[],"_links":{"self":[{"href":"https:\/\/agora.xtec.cat\/escjoanardevol\/wp-json\/wp\/v2\/posts\/829","targetHints":{"allow":["GET"]}}],"collection":[{"href":"https:\/\/agora.xtec.cat\/escjoanardevol\/wp-json\/wp\/v2\/posts"}],"about":[{"href":"https:\/\/agora.xtec.cat\/escjoanardevol\/wp-json\/wp\/v2\/types\/post"}],"author":[{"embeddable":true,"href":"https:\/\/agora.xtec.cat\/escjoanardevol\/wp-json\/wp\/v2\/users\/1"}],"replies":[{"embeddable":true,"href":"https:\/\/agora.xtec.cat\/escjoanardevol\/wp-json\/wp\/v2\/comments?post=829"}],"version-history":[{"count":0,"href":"https:\/\/agora.xtec.cat\/escjoanardevol\/wp-json\/wp\/v2\/posts\/829\/revisions"}],"wp:attachment":[{"href":"https:\/\/agora.xtec.cat\/escjoanardevol\/wp-json\/wp\/v2\/media?parent=829"}],"wp:term":[{"taxonomy":"category","embeddable":true,"href":"https:\/\/agora.xtec.cat\/escjoanardevol\/wp-json\/wp\/v2\/categories?post=829"},{"taxonomy":"post_tag","embeddable":true,"href":"https:\/\/agora.xtec.cat\/escjoanardevol\/wp-json\/wp\/v2\/tags?post=829"}],"curies":[{"name":"wp","href":"https:\/\/api.w.org\/{rel}","templated":true}]}}