{"id":784,"date":"2012-01-13T15:24:19","date_gmt":"2012-01-13T15:24:19","guid":{"rendered":"http:\/\/joanardevol.org\/info\/?p=784"},"modified":"2012-01-13T15:24:19","modified_gmt":"2012-01-13T15:24:19","slug":"la-cel%c2%b7lula","status":"publish","type":"post","link":"https:\/\/agora.xtec.cat\/escjoanardevol\/general\/la-cel%c2%b7lula\/","title":{"rendered":"La c\u00e8l\u00b7lula"},"content":{"rendered":"<p>A cinqu\u00e8 hem comen\u00e7at els temes de biologia a l&#8217;assignatura de medi i no podiem comen\u00e7ar d&#8217;una altra manera, que no fos aprenent les parts de la c\u00e8l\u00b7lula que \u00e9s la unitat b\u00e0sica que forma tots els \u00e9ssers vius del planeta.<\/p>\n<p>La C\u00e8lia de 5\u00e8A, va fer la c\u00e8l\u00b7lula molt dol\u00e7a: va fer un past\u00eds que ens vam menjar quan vam acabar l&#8217;explicaci\u00f3. Estava bon\u00edssim!<\/p>\n<p>Hem treballat molt\u00edssim i ens han quedat uns treballs preciosos que exposarem a secretaria.B\u00e9, tots menys el past\u00eds!<\/p>\n\n<p>&nbsp;<\/p>\n<p>&nbsp;<\/p>\n<p>Vosaltres tamb\u00e9 en podeu veure una mostra! Esperem que us agradi.<\/p>\n","protected":false},"excerpt":{"rendered":"<p>A cinqu\u00e8 hem comen\u00e7at els temes de biologia a l&#8217;assignatura de medi i no podiem comen\u00e7ar d&#8217;una altra manera, que no fos aprenent les parts de la c\u00e8l\u00b7lula que \u00e9s la unitat b\u00e0sica que forma tots els \u00e9ssers vius del planeta.<br \/>\nLa C\u00e8lia de 5\u00e8A, va&hellip;  <a href=\"https:\/\/agora.xtec.cat\/escjoanardevol\/general\/la-cel%c2%b7lula\/\" title=\"Read La c\u00e8l\u00b7lula\">Llegeix m\u00e9s\u00bb<\/a><\/p>\n","protected":false},"author":1,"featured_media":0,"comment_status":"open","ping_status":"open","sticky":false,"template":"","format":"standard","meta":{"_bbp_topic_count":0,"_bbp_reply_count":0,"_bbp_total_topic_count":0,"_bbp_total_reply_count":0,"_bbp_voice_count":0,"_bbp_anonymous_reply_count":0,"_bbp_topic_count_hidden":0,"_bbp_reply_count_hidden":0,"_bbp_forum_subforum_count":0,"footnotes":""},"categories":[14,1],"tags":[59,74,82,140,182],"class_list":["post-784","post","type-post","status-publish","format-standard","hentry","category-5e","category-general","tag-activitats","tag-cellula","tag-cinque","tag-medi","tag-treball"],"post_mailing_queue_ids":[],"_links":{"self":[{"href":"https:\/\/agora.xtec.cat\/escjoanardevol\/wp-json\/wp\/v2\/posts\/784","targetHints":{"allow":["GET"]}}],"collection":[{"href":"https:\/\/agora.xtec.cat\/escjoanardevol\/wp-json\/wp\/v2\/posts"}],"about":[{"href":"https:\/\/agora.xtec.cat\/escjoanardevol\/wp-json\/wp\/v2\/types\/post"}],"author":[{"embeddable":true,"href":"https:\/\/agora.xtec.cat\/escjoanardevol\/wp-json\/wp\/v2\/users\/1"}],"replies":[{"embeddable":true,"href":"https:\/\/agora.xtec.cat\/escjoanardevol\/wp-json\/wp\/v2\/comments?post=784"}],"version-history":[{"count":0,"href":"https:\/\/agora.xtec.cat\/escjoanardevol\/wp-json\/wp\/v2\/posts\/784\/revisions"}],"wp:attachment":[{"href":"https:\/\/agora.xtec.cat\/escjoanardevol\/wp-json\/wp\/v2\/media?parent=784"}],"wp:term":[{"taxonomy":"category","embeddable":true,"href":"https:\/\/agora.xtec.cat\/escjoanardevol\/wp-json\/wp\/v2\/categories?post=784"},{"taxonomy":"post_tag","embeddable":true,"href":"https:\/\/agora.xtec.cat\/escjoanardevol\/wp-json\/wp\/v2\/tags?post=784"}],"curies":[{"name":"wp","href":"https:\/\/api.w.org\/{rel}","templated":true}]}}