{"id":771,"date":"2011-12-22T20:34:25","date_gmt":"2011-12-22T20:34:25","guid":{"rendered":"http:\/\/joanardevol.org\/info\/?p=771"},"modified":"2011-12-22T20:34:25","modified_gmt":"2011-12-22T20:34:25","slug":"bon-nadal-i-felic-2012","status":"publish","type":"post","link":"https:\/\/agora.xtec.cat\/escjoanardevol\/general\/bon-nadal-i-felic-2012\/","title":{"rendered":"Bon Nadal i feli\u00e7 2012"},"content":{"rendered":"<p>Amb una selecci\u00f3 de les millors postals de nadal que han fet els alumnes de 5\u00e8 i 6\u00e8, us volem desitjar a tots que passeu un bon Nadal i un feli\u00e7 2012.<\/p>\n<p>Que passeu bones vacances!<\/p>\n<p>El retorn a les classes ser\u00e0 el dilluns, <strong>9 de gener de 2012<\/strong>.<\/p>\n<p><object width=\"500\" height=\"333\" classid=\"clsid:d27cdb6e-ae6d-11cf-96b8-444553540000\" codebase=\"http:\/\/download.macromedia.com\/pub\/shockwave\/cabs\/flash\/swflash.cab#version=6,0,40,0\"><param name=\"src\" value=\"https:\/\/picasaweb.google.com\/s\/c\/bin\/slideshow.swf\" \/><param name=\"flashvars\" value=\"host=picasaweb.google.com&amp;hl=ca&amp;feat=flashalbum&amp;RGB=0x000000&amp;feed=https%3A%2F%2Fpicasaweb.google.com%2Fdata%2Ffeed%2Fapi%2Fuser%2F118145186668281686585%2Falbumid%2F5687040070927404737%3Falt%3Drss%26kind%3Dphoto%26hl%3Dca\" \/><param name=\"pluginspage\" value=\"http:\/\/www.macromedia.com\/go\/getflashplayer\" \/><embed width=\"500\" height=\"333\" type=\"application\/x-shockwave-flash\" src=\"https:\/\/picasaweb.google.com\/s\/c\/bin\/slideshow.swf\" flashvars=\"host=picasaweb.google.com&amp;hl=ca&amp;feat=flashalbum&amp;RGB=0x000000&amp;feed=https%3A%2F%2Fpicasaweb.google.com%2Fdata%2Ffeed%2Fapi%2Fuser%2F118145186668281686585%2Falbumid%2F5687040070927404737%3Falt%3Drss%26kind%3Dphoto%26hl%3Dca\" pluginspage=\"http:\/\/www.macromedia.com\/go\/getflashplayer\" \/><\/object><\/p>\n","protected":false},"excerpt":{"rendered":"<p>Amb una selecci\u00f3 de les millors postals de nadal que han fet els alumnes de 5\u00e8 i 6\u00e8, us volem desitjar a tots que passeu un bon Nadal i un feli\u00e7 2012.<br \/>\nQue passeu bones vacances!<br \/>\nEl retorn a les classes ser\u00e0 el dilluns, 9 de gener&hellip;  <a href=\"https:\/\/agora.xtec.cat\/escjoanardevol\/general\/bon-nadal-i-felic-2012\/\" title=\"Read Bon Nadal i feli\u00e7 2012\">Llegeix m\u00e9s\u00bb<\/a><\/p>\n","protected":false},"author":1,"featured_media":0,"comment_status":"open","ping_status":"open","sticky":false,"template":"","format":"standard","meta":{"_bbp_topic_count":0,"_bbp_reply_count":0,"_bbp_total_topic_count":0,"_bbp_total_reply_count":0,"_bbp_voice_count":0,"_bbp_anonymous_reply_count":0,"_bbp_topic_count_hidden":0,"_bbp_reply_count_hidden":0,"_bbp_forum_subforum_count":0,"footnotes":""},"categories":[14,1],"tags":[59,77,146],"class_list":["post-771","post","type-post","status-publish","format-standard","hentry","category-5e","category-general","tag-activitats","tag-cicle-superior-2","tag-nadal"],"post_mailing_queue_ids":[],"_links":{"self":[{"href":"https:\/\/agora.xtec.cat\/escjoanardevol\/wp-json\/wp\/v2\/posts\/771","targetHints":{"allow":["GET"]}}],"collection":[{"href":"https:\/\/agora.xtec.cat\/escjoanardevol\/wp-json\/wp\/v2\/posts"}],"about":[{"href":"https:\/\/agora.xtec.cat\/escjoanardevol\/wp-json\/wp\/v2\/types\/post"}],"author":[{"embeddable":true,"href":"https:\/\/agora.xtec.cat\/escjoanardevol\/wp-json\/wp\/v2\/users\/1"}],"replies":[{"embeddable":true,"href":"https:\/\/agora.xtec.cat\/escjoanardevol\/wp-json\/wp\/v2\/comments?post=771"}],"version-history":[{"count":0,"href":"https:\/\/agora.xtec.cat\/escjoanardevol\/wp-json\/wp\/v2\/posts\/771\/revisions"}],"wp:attachment":[{"href":"https:\/\/agora.xtec.cat\/escjoanardevol\/wp-json\/wp\/v2\/media?parent=771"}],"wp:term":[{"taxonomy":"category","embeddable":true,"href":"https:\/\/agora.xtec.cat\/escjoanardevol\/wp-json\/wp\/v2\/categories?post=771"},{"taxonomy":"post_tag","embeddable":true,"href":"https:\/\/agora.xtec.cat\/escjoanardevol\/wp-json\/wp\/v2\/tags?post=771"}],"curies":[{"name":"wp","href":"https:\/\/api.w.org\/{rel}","templated":true}]}}