{"id":729,"date":"2011-12-13T08:50:14","date_gmt":"2011-12-13T08:50:14","guid":{"rendered":"http:\/\/joanardevol.org\/info\/?p=729"},"modified":"2011-12-13T08:50:14","modified_gmt":"2011-12-13T08:50:14","slug":"marato-2011","status":"publish","type":"post","link":"https:\/\/agora.xtec.cat\/escjoanardevol\/general\/marato-2011\/","title":{"rendered":"Marat\u00f3 2011"},"content":{"rendered":"<p>El proper divendres, <strong>16 de desembre<\/strong>, la nostra escola participar\u00e0 un any m\u00e9s en les activitats de la <a title=\"marato\" href=\"http:\/\/www.tv3.cat\/marato\/\" target=\"_blank\">Marat\u00f3 de TV3<\/a>.<\/p>\n<p>Enguany la marat\u00f3 va dedicada a la regeneraci\u00f3 i trasplantament d&#8217;\u00f2rgans i teixits.<\/p>\n<p>Us animem a venir a les paradetes de manualitats que muntarem a l&#8217;entrada de l&#8217;escola al migdia i a la tarda!!<\/p>\n<p><a href=\"http:\/\/www.tv3.cat\/marato\/\" target=\"_blank\"><img loading=\"lazy\" decoding=\"async\" class=\"alignnone\" title=\"marat\u00f3 tv3\" src=\"http:\/\/xarxanet.org\/sites\/default\/files\/logo_Marato_tv3.gif\" alt=\"\" width=\"639\" height=\"145\" \/><\/a><\/p>\n<p>&nbsp;<\/p>\n","protected":false},"excerpt":{"rendered":"<p>El proper divendres, 16 de desembre, la nostra escola participar\u00e0 un any m\u00e9s en les activitats de la <a title=\"marato\" href=\"http:\/\/www.tv3.cat\/marato\/\" target=\"_blank\">Marat\u00f3 de TV3<\/a>.<br \/>\nEnguany la marat\u00f3 va dedicada a la regeneraci\u00f3 i trasplantament d&#8217;\u00f2rgans i teixits.<br \/>\nUs animem a venir a les paradetes de manualitats que&hellip;  <a href=\"https:\/\/agora.xtec.cat\/escjoanardevol\/general\/marato-2011\/\" title=\"Read Marat\u00f3 2011\">Llegeix m\u00e9s\u00bb<\/a><\/p>\n","protected":false},"author":1,"featured_media":0,"comment_status":"open","ping_status":"open","sticky":false,"template":"","format":"standard","meta":{"_bbp_topic_count":0,"_bbp_reply_count":0,"_bbp_total_topic_count":0,"_bbp_total_reply_count":0,"_bbp_voice_count":0,"_bbp_anonymous_reply_count":0,"_bbp_topic_count_hidden":0,"_bbp_reply_count_hidden":0,"_bbp_forum_subforum_count":0,"footnotes":""},"categories":[1],"tags":[59,138],"class_list":["post-729","post","type-post","status-publish","format-standard","hentry","category-general","tag-activitats","tag-marato"],"post_mailing_queue_ids":[],"_links":{"self":[{"href":"https:\/\/agora.xtec.cat\/escjoanardevol\/wp-json\/wp\/v2\/posts\/729","targetHints":{"allow":["GET"]}}],"collection":[{"href":"https:\/\/agora.xtec.cat\/escjoanardevol\/wp-json\/wp\/v2\/posts"}],"about":[{"href":"https:\/\/agora.xtec.cat\/escjoanardevol\/wp-json\/wp\/v2\/types\/post"}],"author":[{"embeddable":true,"href":"https:\/\/agora.xtec.cat\/escjoanardevol\/wp-json\/wp\/v2\/users\/1"}],"replies":[{"embeddable":true,"href":"https:\/\/agora.xtec.cat\/escjoanardevol\/wp-json\/wp\/v2\/comments?post=729"}],"version-history":[{"count":0,"href":"https:\/\/agora.xtec.cat\/escjoanardevol\/wp-json\/wp\/v2\/posts\/729\/revisions"}],"wp:attachment":[{"href":"https:\/\/agora.xtec.cat\/escjoanardevol\/wp-json\/wp\/v2\/media?parent=729"}],"wp:term":[{"taxonomy":"category","embeddable":true,"href":"https:\/\/agora.xtec.cat\/escjoanardevol\/wp-json\/wp\/v2\/categories?post=729"},{"taxonomy":"post_tag","embeddable":true,"href":"https:\/\/agora.xtec.cat\/escjoanardevol\/wp-json\/wp\/v2\/tags?post=729"}],"curies":[{"name":"wp","href":"https:\/\/api.w.org\/{rel}","templated":true}]}}