{"id":7279,"date":"2020-07-01T08:33:49","date_gmt":"2020-07-01T06:33:49","guid":{"rendered":"http:\/\/agora.xtec.cat\/escjoanardevol\/?p=7279"},"modified":"2020-07-01T08:33:49","modified_gmt":"2020-07-01T06:33:49","slug":"final-de-curs-nova-etapa","status":"publish","type":"post","link":"https:\/\/agora.xtec.cat\/escjoanardevol\/general\/final-de-curs-nova-etapa\/","title":{"rendered":"Final de curs, nova etapa"},"content":{"rendered":"<p>El 30 de juny ha estat el darrer dia oficial del curs 2019-2020. El dia 1 de juliol comen\u00e7a l&#8217;activitat pel que fa al nou curs 2020-2021. A partir d&#8217;aquest moment, el centre deixa de ser una Escola per passar a ser un Institut Escola, \u00e9s a dir, el centre oferir\u00e0 a m\u00e9s d&#8217;educaci\u00f3 infantil i prim\u00e0ria, tamb\u00e9 la secund\u00e0ria.<\/p>\n<p>Aquesta idea capgira el centre en la seva totalitat, ens proposa un nou repte i s&#8217;obre un nou cam\u00ed amb moltes oportunitats per endavant. Tenim molta il\u00b7lusi\u00f3 per treballar en aquest nou projecte, ple d&#8217;aventures i d&#8217;amistats. Volem comptar amb tothom que vulgui enriquir i ajudi a millorar el nou Institut Escola Joan Ard\u00e8vol de Cambrils.<\/p>\n<p>A la Revista Cambrils es va publicar un article for\u00e7a complet que explica algunes de les repercussions que aquest canvi comportar\u00e0:<\/p>\n<p><a href=\"https:\/\/www.revistacambrils.cat\/noticia\/29806\/institut-escola-joan-ardevol\" target=\"_blank\" rel=\"noopener noreferrer\"><img loading=\"lazy\" decoding=\"async\" class=\"alignnone\" src=\"https:\/\/www.revistacambrils.cat\/img\/logo.svg\" alt=\"\" width=\"526\" height=\"83\" \/><\/a><\/p>\n<p><a href=\"https:\/\/www.revistacambrils.cat\/noticia\/29806\/institut-escola-joan-ardevol\" target=\"_blank\" rel=\"noopener noreferrer\"><img loading=\"lazy\" decoding=\"async\" class=\"alignnone\" src=\"https:\/\/www.revistacambrils.cat\/imatges\/noticies\/ardevol-6.jpg\" alt=\"\" width=\"599\" height=\"398\" \/><\/a><\/p>\n","protected":false},"excerpt":{"rendered":"<p>El 30 de juny ha estat el darrer dia oficial del curs 2019-2020. El dia 1 de juliol comen\u00e7a l&#8217;activitat pel que fa al nou curs 2020-2021. A partir d&#8217;aquest moment, el centre deixa de ser una Escola per passar a ser un Institut Escola,&hellip;  <a href=\"https:\/\/agora.xtec.cat\/escjoanardevol\/general\/final-de-curs-nova-etapa\/\" title=\"Read Final de curs, nova etapa\">Llegeix m\u00e9s\u00bb<\/a><\/p>\n","protected":false},"author":1,"featured_media":7280,"comment_status":"closed","ping_status":"closed","sticky":false,"template":"","format":"standard","meta":{"_bbp_topic_count":0,"_bbp_reply_count":0,"_bbp_total_topic_count":0,"_bbp_total_reply_count":0,"_bbp_voice_count":0,"_bbp_anonymous_reply_count":0,"_bbp_topic_count_hidden":0,"_bbp_reply_count_hidden":0,"_bbp_forum_subforum_count":0,"footnotes":""},"categories":[1,2,4,5,255],"tags":[59,69,75,76,77,93,94,103,256,182,187],"class_list":["post-7279","post","type-post","status-publish","format-standard","has-post-thumbnail","hentry","category-general","category-infantil","category-portada","category-primaria","category-secundaria","tag-activitats","tag-cambrils","tag-cicle-inicial","tag-cicle-mitja","tag-cicle-superior-2","tag-convivencia","tag-cooperacio","tag-educacio-infantil","tag-secundaria","tag-treball","tag-valors"],"post_mailing_queue_ids":[],"_links":{"self":[{"href":"https:\/\/agora.xtec.cat\/escjoanardevol\/wp-json\/wp\/v2\/posts\/7279","targetHints":{"allow":["GET"]}}],"collection":[{"href":"https:\/\/agora.xtec.cat\/escjoanardevol\/wp-json\/wp\/v2\/posts"}],"about":[{"href":"https:\/\/agora.xtec.cat\/escjoanardevol\/wp-json\/wp\/v2\/types\/post"}],"author":[{"embeddable":true,"href":"https:\/\/agora.xtec.cat\/escjoanardevol\/wp-json\/wp\/v2\/users\/1"}],"replies":[{"embeddable":true,"href":"https:\/\/agora.xtec.cat\/escjoanardevol\/wp-json\/wp\/v2\/comments?post=7279"}],"version-history":[{"count":2,"href":"https:\/\/agora.xtec.cat\/escjoanardevol\/wp-json\/wp\/v2\/posts\/7279\/revisions"}],"predecessor-version":[{"id":7282,"href":"https:\/\/agora.xtec.cat\/escjoanardevol\/wp-json\/wp\/v2\/posts\/7279\/revisions\/7282"}],"wp:featuredmedia":[{"embeddable":true,"href":"https:\/\/agora.xtec.cat\/escjoanardevol\/wp-json\/wp\/v2\/media\/7280"}],"wp:attachment":[{"href":"https:\/\/agora.xtec.cat\/escjoanardevol\/wp-json\/wp\/v2\/media?parent=7279"}],"wp:term":[{"taxonomy":"category","embeddable":true,"href":"https:\/\/agora.xtec.cat\/escjoanardevol\/wp-json\/wp\/v2\/categories?post=7279"},{"taxonomy":"post_tag","embeddable":true,"href":"https:\/\/agora.xtec.cat\/escjoanardevol\/wp-json\/wp\/v2\/tags?post=7279"}],"curies":[{"name":"wp","href":"https:\/\/api.w.org\/{rel}","templated":true}]}}