{"id":7264,"date":"2020-06-11T23:43:45","date_gmt":"2020-06-11T21:43:45","guid":{"rendered":"http:\/\/agora.xtec.cat\/escjoanardevol\/?p=7264"},"modified":"2020-06-12T00:01:12","modified_gmt":"2020-06-11T22:01:12","slug":"ajuts-individuals-de-menjador-per-al-curs-2020-2021","status":"publish","type":"post","link":"https:\/\/agora.xtec.cat\/escjoanardevol\/general\/ajuts-individuals-de-menjador-per-al-curs-2020-2021\/","title":{"rendered":"Ajuts individuals de menjador per al curs 2020-2021"},"content":{"rendered":"<p>El Consell Comarcal del Baix Camp ha iniciat el proc\u00e9s per poder sol\u00b7licitar <strong>l\u2019ajut individual de menjador<\/strong> per al curs 2020-2021.<\/p>\n<p>Com a novetat, aquest curs hi ha dos tipus de sol\u00b7licituds:<\/p>\n<ul>\n<li>Si se us va concedir l\u2019ajut el curs 2019-2020, i no hi ha canvis, heu de presentar la <strong><u>Sol\u00b7licitud abreujada<\/u><\/strong>: Aquesta sol\u00b7licitud va adre\u00e7ada a les persones sol\u00b7licitants d\u2019ajut individual de menjador <strong>que no hagi sofert cap modificaci\u00f3<\/strong> <strong>de les dades i documentaci\u00f3<\/strong> requerida i presentada a la convocat\u00f2ria pel curs escolar 2019-2020. En aquest cas caldr\u00e0 que empleni \u00fanicament el Model abreujat de sol\u00b7licitud amb declaraci\u00f3 responsable, ratificant la validesa de les autoritzacions presentades el curs anterior per al curs 2020-2021.<br \/>\nAquestes sol\u00b7licituds es tramitaran, preferentment, per mitjans telem\u00e0tics, si es disposa de certificat digital, per la p\u00e0gina web: <a style=\"font-family: inherit; font-size: 1em;\" href=\"http:\/\/www.baixcamp.cat\" target=\"_blank\" rel=\"noopener noreferrer\">www.baixcamp.cat<\/a><span style=\"font-family: inherit; font-size: 1em;\">. En el cas que no es pugui realitzar aquest tr\u00e0mit de forma telem\u00e0tica <\/span><strong style=\"font-family: inherit; font-size: 1em;\">es podr\u00e0 presentar de forma presencial al centre<\/strong><span style=\"font-family: inherit; font-size: 1em;\"> escolar corresponent.<\/span><\/li>\n<\/ul>\n<ul>\n<li><strong><u>Sol\u00b7licitud ordin\u00e0ria<\/u><\/strong><u>:<\/u> Va adre\u00e7ada a les seg\u00fcents situacions:<\/li>\n<\/ul>\n<ol>\n<li><strong>Noves sol\u00b7licituds<\/strong> (alumnes que no van obtenir l\u2019ajut el curs passat).<\/li>\n<li>Sol\u00b7licitants que hagin <strong>canviat la situaci\u00f3 s\u00f2cio-econ\u00f2mica<\/strong> en relaci\u00f3 a l\u2019anterior convocat\u00f2ria.<\/li>\n<li>Fam\u00edlies amb cust\u00f2dia compartida.<\/li>\n<li>Fam\u00edlies que tinguin infants en acolliment.<\/li>\n<li><strong>Fam\u00edlies on han canviat els membres de la unitat familiar<\/strong> respecte al curs passat (nou\/va fill\/a, separaci\u00f3, defunci\u00f3, emancipaci\u00f3&#8230;).<\/li>\n<\/ol>\n<p>Adjuntem les dues sol\u00b7licituds perqu\u00e8 les pugueu emplenar. Tamb\u00e9 les podeu recollir a la consergeria del centre a partir del dilluns 15 de juny.<\/p>\n<p><a href=\"https:\/\/agora.xtec.cat\/escjoanardevol\/wp-content\/uploads\/usu550\/2020\/06\/Annex_1_AIM-20-21_sol.licitud_ABREUJADA-.pdf\" target=\"_blank\" rel=\"noopener noreferrer\">Sol\u00b7licitud abreujada<\/a><\/p>\n<p><a href=\"https:\/\/agora.xtec.cat\/escjoanardevol\/wp-content\/uploads\/usu550\/2020\/06\/Annex_2_AiM_20-21_sol.licitud_ORDIN\u00c0RIA.pdf\" target=\"_blank\" rel=\"noopener noreferrer\">Sol\u00b7licitud ordin\u00e0ria<\/a><\/p>\n<p><strong>En el cas que presenteu les sol\u00b7licituds al centre, l\u2019heu de portar emplenada i signada adjuntant la documentaci\u00f3 requerida.<\/strong><\/p>\n<p><strong><u>Data l\u00edmit per presentar la documentaci\u00f3<\/u><\/strong><strong>: 30 de juny de 2020.<\/strong><\/p>\n<p><strong><u>Horari: <\/u><\/strong><strong>de 9 a 11h.<\/strong><\/p>\n<p><strong><u>Mesures de seguretat: <\/u><\/strong><\/p>\n<ul>\n<li><strong>Portar mascareta.<\/strong><\/li>\n<li><strong>Guardar la dist\u00e0ncia de seguretat.<\/strong><\/li>\n<li><strong>Portar bol\u00edgraf de casa.<\/strong><\/li>\n<\/ul>\n<p><strong>\u00a0<\/strong><\/p>\n<p><strong><u>DOCUMENTACI\u00d3 OBLIGAT\u00d2RIA (Nom\u00e9s per a la sol\u00b7licitud ordin\u00e0ria).<\/u><\/strong><\/p>\n<ul>\n<li><strong>Volant de conviv\u00e8ncia actual <\/strong>del domicili on resideix l\u2019alumne\/a, expedit per l\u2019Ajuntament del municipi.<\/li>\n<li><strong>Fotoc\u00f2pia del NIF o NIE <\/strong>de <strong>TOTS <\/strong>els membres de la unitat familiar. En cas de no disposar-ne, caldr\u00e0 adjuntar c\u00f2pia del passaport o del certificat de naixement.<\/li>\n<li><strong>Fotoc\u00f2pia del llibre de fam\u00edlia <\/strong>de totes les p\u00e0gines emplenades. En cas de no disposar-ne, caldr\u00e0 presentar certificats de naixements.<\/li>\n<li><strong>Documentaci\u00f3 econ\u00f2mica : <\/strong>En <em>el cas que algun membre de la unitat fam\u00edlia major de 16 anys i rebi qualsevol tipus d\u2019ingr\u00e9s corresponent a rendiments no contributius i, en el sup\u00f2sit de no estar obligat a presentar la declaraci\u00f3 de l\u2019IRPF de l\u2019exercici 2019 per resultar-ne excl\u00f2s, caldr\u00e0 aportar la documentaci\u00f3 seg\u00fcent corresponent a l\u2019exercici de 2019:<\/em><\/li>\n<li>Fotoc\u00f2pia de l\u2019<strong>informe de vida laboral <\/strong>actualitzat a 2019, em\u00e8s per la Seguretat Social.<\/li>\n<li>Certificat d\u2019imputacions \u00edntegres de l\u2019exercici 2019, expedit per l\u2019Ag\u00e8ncia Tribut\u00e0ria.<\/li>\n<li>Les persones en <strong>situaci\u00f3 d\u2019atur<\/strong>: certificat actualitzat del Servicio P\u00fablico de Empleo (SEPE), en qu\u00e8 consti si durant l\u2019any 2019 va percebre la prestaci\u00f3 d\u2019atur i la seva quantia.<\/li>\n<li>Les persones que percebin la <strong>Renda M\u00ednima d\u2019Inserci\u00f3<\/strong>: certificat acreditatiu de l\u2019import total percebut durant l\u2019any 2019.<\/li>\n<li>Els <strong>pensionistes<\/strong>: certificat acreditatiu de la percepci\u00f3 d\u2019una pensi\u00f3 i de la seva quantia corresponent a l\u2019any 2019.<\/li>\n<li>En la resta de situacions no previstes anteriorment, el nivell de renda s\u2019haur\u00e0 d\u2019acreditar mitjan\u00e7ant qualsevol altra documentaci\u00f3 fefaent que ser\u00e0 valorada pel Consell Comarcal del Baix Camp.<\/li>\n<\/ul>\n<p><strong>\u00a0<\/strong><\/p>\n<p><strong><u>DOCUMENTACI\u00d3 COMPLEMENT\u00c0RIA (Nom\u00e9s per a la sol\u00b7licitud ordin\u00e0ria).<\/u><\/strong><\/p>\n<ul>\n<li><strong>AJUTS AL LLOGUER de l\u2019habitatge: <\/strong>resoluci\u00f3 i\/o certificaci\u00f3 de l\u2019Ag\u00e8ncia de l\u2019Habitatge de Catalunya.<\/li>\n<li><strong>Prestacions econ\u00f2miques d\u2019urg\u00e8ncia social <\/strong>(alimentaci\u00f3, vestit, allotjament&#8230;).<\/li>\n<li><strong>Dist\u00e0ncia igual o superior a 3 km des del domicili on resideix l\u2019alumne fins al centre: <\/strong>caldr\u00e0 aportar certificat de l\u2019Ajuntament<\/li>\n<li><strong>Conveni, sent\u00e8ncia de divorci o l\u2019acta final de mediaci\u00f3 del Departament de Just\u00edcia.<\/strong><\/li>\n<li><strong style=\"font-family: inherit; font-size: 1em;\">Informe social i pla d\u2019intervenci\u00f3 \/ treball amb Serveis Socials<\/strong><span style=\"font-family: inherit; font-size: 1em;\">.<\/span><\/li>\n<\/ul>\n<p><img loading=\"lazy\" decoding=\"async\" class=\"alignnone wp-image-7266 size-medium\" src=\"https:\/\/agora.xtec.cat\/escjoanardevol\/wp-content\/uploads\/usu550\/2020\/06\/ajutsMenjador-300x187.jpg\" alt=\"\" width=\"300\" height=\"187\" srcset=\"https:\/\/agora.xtec.cat\/escjoanardevol\/wp-content\/uploads\/usu550\/2020\/06\/ajutsMenjador-300x187.jpg 300w, https:\/\/agora.xtec.cat\/escjoanardevol\/wp-content\/uploads\/usu550\/2020\/06\/ajutsMenjador-768x478.jpg 768w, https:\/\/agora.xtec.cat\/escjoanardevol\/wp-content\/uploads\/usu550\/2020\/06\/ajutsMenjador.jpg 890w\" sizes=\"auto, (max-width: 300px) 100vw, 300px\" \/><\/p>\n","protected":false},"excerpt":{"rendered":"<p>El Consell Comarcal del Baix Camp ha iniciat el proc\u00e9s per poder sol\u00b7licitar l\u2019ajut individual de menjador per al curs 2020-2021.<br \/>\nCom a novetat, aquest curs hi ha dos tipus de sol\u00b7licituds:<\/p>\n<ul>\n<li>Si se us va concedir l\u2019ajut el curs 2019-2020, i no hi ha canvis, heu&hellip;  <a href=\"https:\/\/agora.xtec.cat\/escjoanardevol\/general\/ajuts-individuals-de-menjador-per-al-curs-2020-2021\/\" title=\"Read Ajuts individuals de menjador per al curs 2020-2021\">Llegeix m\u00e9s\u00bb<\/a><br \/>\n","protected":false},"author":1,"featured_media":7266,"comment_status":"closed","ping_status":"closed","sticky":false,"template":"","format":"standard","meta":{"_bbp_topic_count":0,"_bbp_reply_count":0,"_bbp_total_topic_count":0,"_bbp_total_reply_count":0,"_bbp_voice_count":0,"_bbp_anonymous_reply_count":0,"_bbp_topic_count_hidden":0,"_bbp_reply_count_hidden":0,"_bbp_forum_subforum_count":0,"footnotes":""},"categories":[1,2,4,5],"tags":[61,75,76,77,103,141,148],"class_list":["post-7264","post","type-post","status-publish","format-standard","has-post-thumbnail","hentry","category-general","category-infantil","category-portada","category-primaria","tag-ajuts","tag-cicle-inicial","tag-cicle-mitja","tag-cicle-superior-2","tag-educacio-infantil","tag-menjador","tag-noticies"],"post_mailing_queue_ids":[],"_links":{"self":[{"href":"https:\/\/agora.xtec.cat\/escjoanardevol\/wp-json\/wp\/v2\/posts\/7264","targetHints":{"allow":["GET"]}}],"collection":[{"href":"https:\/\/agora.xtec.cat\/escjoanardevol\/wp-json\/wp\/v2\/posts"}],"about":[{"href":"https:\/\/agora.xtec.cat\/escjoanardevol\/wp-json\/wp\/v2\/types\/post"}],"author":[{"embeddable":true,"href":"https:\/\/agora.xtec.cat\/escjoanardevol\/wp-json\/wp\/v2\/users\/1"}],"replies":[{"embeddable":true,"href":"https:\/\/agora.xtec.cat\/escjoanardevol\/wp-json\/wp\/v2\/comments?post=7264"}],"version-history":[{"count":3,"href":"https:\/\/agora.xtec.cat\/escjoanardevol\/wp-json\/wp\/v2\/posts\/7264\/revisions"}],"predecessor-version":[{"id":7269,"href":"https:\/\/agora.xtec.cat\/escjoanardevol\/wp-json\/wp\/v2\/posts\/7264\/revisions\/7269"}],"wp:featuredmedia":[{"embeddable":true,"href":"https:\/\/agora.xtec.cat\/escjoanardevol\/wp-json\/wp\/v2\/media\/7266"}],"wp:attachment":[{"href":"https:\/\/agora.xtec.cat\/escjoanardevol\/wp-json\/wp\/v2\/media?parent=7264"}],"wp:term":[{"taxonomy":"category","embeddable":true,"href":"https:\/\/agora.xtec.cat\/escjoanardevol\/wp-json\/wp\/v2\/categories?post=7264"},{"taxonomy":"post_tag","embeddable":true,"href":"https:\/\/agora.xtec.cat\/escjoanardevol\/wp-json\/wp\/v2\/tags?post=7264"}],"curies":[{"name":"wp","href":"https:\/\/api.w.org\/{rel}","templated":true}]}}