{"id":7252,"date":"2020-06-08T10:00:26","date_gmt":"2020-06-08T08:00:26","guid":{"rendered":"http:\/\/agora.xtec.cat\/escjoanardevol\/?p=7252"},"modified":"2020-06-07T20:12:51","modified_gmt":"2020-06-07T18:12:51","slug":"no-ens-desdibuixeu-encara-hi-som-a-temps","status":"publish","type":"post","link":"https:\/\/agora.xtec.cat\/escjoanardevol\/general\/no-ens-desdibuixeu-encara-hi-som-a-temps\/","title":{"rendered":"No ens desdibuixeu&#8230; encara hi som a temps"},"content":{"rendered":"<p>L\u2019escola Joan Ard\u00e8vol fa quatre anys que forma part de la XESC (Xarxa d\u2019Escoles per a la Sostenibilitat de Catalunya) i pel curs vinent se\u2019ns renova el distintiu per quatre anys m\u00e9s. Per aquest motiu, vol\u00edem celebrar el final d\u2019aquesta etapa amb una cloenda musical a on des dels m\u00e9s menuts fins als m\u00e9s grans cantar\u00edem conjuntament.<br \/>\n<img loading=\"lazy\" decoding=\"async\" class=\" wp-image-7241 alignleft\" src=\"https:\/\/agora.xtec.cat\/escjoanardevol\/wp-content\/uploads\/usu550\/2020\/06\/DonaLaNota-150x150.jpg\" alt=\"\" width=\"128\" height=\"128\" \/>Coincidint amb el dia del medi ambient, el 5 de juny l\u2019escola pretenia participar en la proposta musical Dona la Nota, encara hi som a temps. La situaci\u00f3 actual no ha fet possible celebrar-ho tots al pati, tal com estava previst en un principi, per\u00f2 l\u2019organitzaci\u00f3 va suggerir una alternativa.<img loading=\"lazy\" decoding=\"async\" class=\"alignright wp-image-5461\" src=\"https:\/\/agora.xtec.cat\/escjoanardevol\/wp-content\/uploads\/usu550\/2018\/09\/verdi-150x150.jpg\" alt=\"\" width=\"100\" height=\"90\" \/><br \/>\nJa sigui des del balc\u00f3, la finestra o en un espai obert, gaireb\u00e9 els 300 centres participants, van fer sentir la seva veu, tot cantant \u201cNo ens desdibuixeu\u201d. En el nostre cas, en Verdi i la Laura, van fer una crida a nens i nenes i mestres de l\u2019escola perqu\u00e8 es fessin una fotografia d\u2019aquest moment i aix\u00ed muntar un v\u00eddeo que ens serv\u00eds de cloenda d\u2019aquesta primera etapa d\u2019Escola Verda.<br \/>\nAgra\u00efts per la vostra implicaci\u00f3, us deixem gaudir d\u2019aquests minuts musicals tot recordant-vos que s\u00f3n els vostres petits canvis, el que fan que canvi\u00ef el m\u00f3n!<\/p>\n<p><a href=\"https:\/\/drive.google.com\/file\/d\/1yaYII0wS8rcxqBriHeoN408W7q-Itnmg\/view?usp=sharing\" target=\"_blank\" rel=\"noopener noreferrer\"><img loading=\"lazy\" decoding=\"async\" class=\"alignnone wp-image-7255\" src=\"https:\/\/agora.xtec.cat\/escjoanardevol\/wp-content\/uploads\/usu550\/2020\/06\/NoEnsDesdibuixeuVideo-300x225.jpg\" alt=\"\" width=\"500\" height=\"375\" srcset=\"https:\/\/agora.xtec.cat\/escjoanardevol\/wp-content\/uploads\/usu550\/2020\/06\/NoEnsDesdibuixeuVideo-300x225.jpg 300w, https:\/\/agora.xtec.cat\/escjoanardevol\/wp-content\/uploads\/usu550\/2020\/06\/NoEnsDesdibuixeuVideo-768x576.jpg 768w, https:\/\/agora.xtec.cat\/escjoanardevol\/wp-content\/uploads\/usu550\/2020\/06\/NoEnsDesdibuixeuVideo-200x150.jpg 200w, https:\/\/agora.xtec.cat\/escjoanardevol\/wp-content\/uploads\/usu550\/2020\/06\/NoEnsDesdibuixeuVideo.jpg 950w\" sizes=\"auto, (max-width: 500px) 100vw, 500px\" \/><\/a><\/p>\n<p>Clica damunt la imatge per veure el video.<\/p>\n","protected":false},"excerpt":{"rendered":"<p>L\u2019escola Joan Ard\u00e8vol fa quatre anys que forma part de la XESC (Xarxa d\u2019Escoles per a la Sostenibilitat de Catalunya) i pel curs vinent se\u2019ns renova el distintiu per quatre anys m\u00e9s. Per aquest motiu, vol\u00edem celebrar el final d\u2019aquesta etapa amb una cloenda musical&hellip;  <a href=\"https:\/\/agora.xtec.cat\/escjoanardevol\/general\/no-ens-desdibuixeu-encara-hi-som-a-temps\/\" title=\"Read No ens desdibuixeu&#8230; encara hi som a temps\">Llegeix m\u00e9s\u00bb<\/a><\/p>\n","protected":false},"author":1,"featured_media":7255,"comment_status":"closed","ping_status":"closed","sticky":false,"template":"","format":"standard","meta":{"_bbp_topic_count":0,"_bbp_reply_count":0,"_bbp_total_topic_count":0,"_bbp_total_reply_count":0,"_bbp_voice_count":0,"_bbp_anonymous_reply_count":0,"_bbp_topic_count_hidden":0,"_bbp_reply_count_hidden":0,"_bbp_forum_subforum_count":0,"footnotes":""},"categories":[206,1,2,4,5],"tags":[59,69,76,77,93,94,103,108,116,128,140,164,187],"class_list":["post-7252","post","type-post","status-publish","format-standard","has-post-thumbnail","hentry","category-verda","category-general","category-infantil","category-portada","category-primaria","tag-activitats","tag-cambrils","tag-cicle-mitja","tag-cicle-superior-2","tag-convivencia","tag-cooperacio","tag-educacio-infantil","tag-escola-verda","tag-fotos","tag-jornades","tag-medi","tag-reciclatge","tag-valors"],"post_mailing_queue_ids":[],"_links":{"self":[{"href":"https:\/\/agora.xtec.cat\/escjoanardevol\/wp-json\/wp\/v2\/posts\/7252","targetHints":{"allow":["GET"]}}],"collection":[{"href":"https:\/\/agora.xtec.cat\/escjoanardevol\/wp-json\/wp\/v2\/posts"}],"about":[{"href":"https:\/\/agora.xtec.cat\/escjoanardevol\/wp-json\/wp\/v2\/types\/post"}],"author":[{"embeddable":true,"href":"https:\/\/agora.xtec.cat\/escjoanardevol\/wp-json\/wp\/v2\/users\/1"}],"replies":[{"embeddable":true,"href":"https:\/\/agora.xtec.cat\/escjoanardevol\/wp-json\/wp\/v2\/comments?post=7252"}],"version-history":[{"count":3,"href":"https:\/\/agora.xtec.cat\/escjoanardevol\/wp-json\/wp\/v2\/posts\/7252\/revisions"}],"predecessor-version":[{"id":7256,"href":"https:\/\/agora.xtec.cat\/escjoanardevol\/wp-json\/wp\/v2\/posts\/7252\/revisions\/7256"}],"wp:featuredmedia":[{"embeddable":true,"href":"https:\/\/agora.xtec.cat\/escjoanardevol\/wp-json\/wp\/v2\/media\/7255"}],"wp:attachment":[{"href":"https:\/\/agora.xtec.cat\/escjoanardevol\/wp-json\/wp\/v2\/media?parent=7252"}],"wp:term":[{"taxonomy":"category","embeddable":true,"href":"https:\/\/agora.xtec.cat\/escjoanardevol\/wp-json\/wp\/v2\/categories?post=7252"},{"taxonomy":"post_tag","embeddable":true,"href":"https:\/\/agora.xtec.cat\/escjoanardevol\/wp-json\/wp\/v2\/tags?post=7252"}],"curies":[{"name":"wp","href":"https:\/\/api.w.org\/{rel}","templated":true}]}}