{"id":7240,"date":"2020-06-02T19:19:42","date_gmt":"2020-06-02T17:19:42","guid":{"rendered":"http:\/\/agora.xtec.cat\/escjoanardevol\/?p=7240"},"modified":"2020-06-02T14:31:30","modified_gmt":"2020-06-02T12:31:30","slug":"cloenda-musical-descola-verda","status":"publish","type":"post","link":"https:\/\/agora.xtec.cat\/escjoanardevol\/infantil\/cloenda-musical-descola-verda\/","title":{"rendered":"Cloenda musical d&#8217;escola verda"},"content":{"rendered":"<p><span style=\"font-weight: 400;\">Benvolguts Ardevolins i Ardevolines!\u00a0<\/span><\/p>\n<p><span style=\"font-weight: 400;\">El dia <\/span><b>5 de Juny \u00e9s el dia mundial del medi ambient<\/b><span style=\"font-weight: 400;\">. La Laura, la mestra de m\u00fasica, i jo, en Verdi, hem pensat que seria bonic participar en el projecte <\/span><b>&#8220;D\u00f3na la Nota, Encara hi som a temps&#8221;: <\/b><a href=\"https:\/\/projectes.xtec.cat\/encara-hi-som-a-temps\/\"><span style=\"font-weight: 400;\">https:\/\/projectes.xtec.cat\/encara-hi-som-a-temps\/<\/span><\/a><\/p>\n<p><span style=\"font-weight: 400;\"><img loading=\"lazy\" decoding=\"async\" class=\"alignleft  wp-image-7241\" src=\"https:\/\/agora.xtec.cat\/escjoanardevol\/wp-content\/uploads\/usu550\/2020\/06\/DonaLaNota-300x232.jpg\" alt=\"\" width=\"186\" height=\"144\" srcset=\"https:\/\/agora.xtec.cat\/escjoanardevol\/wp-content\/uploads\/usu550\/2020\/06\/DonaLaNota-300x232.jpg 300w, https:\/\/agora.xtec.cat\/escjoanardevol\/wp-content\/uploads\/usu550\/2020\/06\/DonaLaNota.jpg 510w\" sizes=\"auto, (max-width: 186px) 100vw, 186px\" \/>Una iniciativa que pret\u00e9n que nois i noies dels centres educatius de Catalunya prenguin consci\u00e8ncia sobre el moment que vivim d&#8217;emerg\u00e8ncia clim\u00e0tica i ambiental i participin de forma activa en el seu entorn m\u00e9s proper.<\/span><span style=\"font-weight: 400;\">\u00a0<\/span><\/p>\n<p><span style=\"font-weight: 400;\">\u00c9s per aquest motiu que <\/span><b>el dia 5 a les 11h del mat\u00ed<\/b><span style=\"font-weight: 400;\">, <\/span><b>tothom de l\u2019Escola Joan Ard\u00e8vol<\/b><span style=\"font-weight: 400;\"> (nens i nenes, familiars, mestres, PAS, monitores&#8230;) est\u00e0 convidat a sortir al balc\u00f3, finestra o espai lliure per cantar la <\/span><b>can\u00e7\u00f3 &#8220;No ens desdibuixeu&#8221;: <\/b><a href=\"https:\/\/youtu.be\/z5csyfS5B_o\"><span style=\"font-weight: 400;\">https:\/\/youtu.be\/z5csyfS5B_o<\/span><\/a><\/p>\n<p><span style=\"font-weight: 400;\">Us animem a participar-hi. <\/span><b>COM?<\/b><\/p>\n<p><img loading=\"lazy\" decoding=\"async\" class=\"alignright size-full wp-image-5461\" src=\"https:\/\/agora.xtec.cat\/escjoanardevol\/wp-content\/uploads\/usu550\/2018\/09\/verdi.jpg\" alt=\"\" width=\"209\" height=\"189\" \/><\/p>\n<ol>\n<li style=\"font-weight: 400;\"><span style=\"font-weight: 400;\">Feu un <\/span><b>cartell <\/b><span style=\"font-weight: 400;\">amb un <\/span><b>dibuix<\/b><span style=\"font-weight: 400;\"> ben bonic relacionat amb el <\/span><b>medi ambient<\/b><span style=\"font-weight: 400;\"> i<\/span> <span style=\"font-weight: 400;\">escriviu de <\/span><b>t\u00edtol \u201cNO ENS DESDIBUIXEU\u201d.<\/b><\/li>\n<li style=\"font-weight: 400;\"><span style=\"font-weight: 400;\">Sortiu a <\/span><b>cantar la can\u00e7\u00f3, recordeu el dia 5 a les 11h,<\/b><span style=\"font-weight: 400;\"> al balc\u00f3 o en un espai obert i us feu una <\/span><b>fotografia amb el vostre cartell<\/b><span style=\"font-weight: 400;\">.<\/span><\/li>\n<li style=\"font-weight: 400;\"><span style=\"font-weight: 400;\">Envieu la <\/span><b>fotografia<\/b><span style=\"font-weight: 400;\"> al correu d&#8217;en Verdi: <\/span><a href=\"mailto:escolaverda@joanardevol.org\"><b>escolaverda@joanardevol.org<\/b><\/a><\/li>\n<\/ol>\n<p><span style=\"font-weight: 400;\">\u00c9s molt <\/span><b>important que m\u2019envieu les fotografies el mateix dia 5<\/b><span style=\"font-weight: 400;\"> per poder fer un v\u00eddeo que penjarem a la web de l\u2019escola i ser\u00e0 la cloenda d\u2019aquesta primera etapa de 4 anys d\u2019Escola Verda! Feu volar la vostra imaginaci\u00f3 i que es sentin les vostres veus!<\/span><\/p>\n<p><span style=\"font-weight: 400;\">Moltes gr\u00e0cies a tots i a totes per la vostra implicaci\u00f3. I recordeu: els vostres petits canvis, canviaran el m\u00f3n!<\/span><\/p>\n","protected":false},"excerpt":{"rendered":"<p>Benvolguts Ardevolins i Ardevolines!\u00a0<br \/>\nEl dia 5 de Juny \u00e9s el dia mundial del medi ambient. La Laura, la mestra de m\u00fasica, i jo, en Verdi, hem pensat que seria bonic participar en el projecte &#8220;D\u00f3na la Nota, Encara hi som a temps&#8221;: <a href=\"https:\/\/projectes.xtec.cat\/encara-hi-som-a-temps\/\">https:\/\/projectes.xtec.cat\/encara-hi-som-a-temps\/<\/a><br \/>\nUna iniciativa&hellip;  <a href=\"https:\/\/agora.xtec.cat\/escjoanardevol\/infantil\/cloenda-musical-descola-verda\/\" title=\"Read Cloenda musical d&#8217;escola verda\">Llegeix m\u00e9s\u00bb<\/a><\/p>\n","protected":false},"author":1,"featured_media":7241,"comment_status":"closed","ping_status":"closed","sticky":false,"template":"","format":"standard","meta":{"_bbp_topic_count":0,"_bbp_reply_count":0,"_bbp_total_topic_count":0,"_bbp_total_reply_count":0,"_bbp_voice_count":0,"_bbp_anonymous_reply_count":0,"_bbp_topic_count_hidden":0,"_bbp_reply_count_hidden":0,"_bbp_forum_subforum_count":0,"footnotes":""},"categories":[206,2,4,5],"tags":[59,75,76,77,94,103,108,187],"class_list":["post-7240","post","type-post","status-publish","format-standard","has-post-thumbnail","hentry","category-verda","category-infantil","category-portada","category-primaria","tag-activitats","tag-cicle-inicial","tag-cicle-mitja","tag-cicle-superior-2","tag-cooperacio","tag-educacio-infantil","tag-escola-verda","tag-valors"],"post_mailing_queue_ids":[],"_links":{"self":[{"href":"https:\/\/agora.xtec.cat\/escjoanardevol\/wp-json\/wp\/v2\/posts\/7240","targetHints":{"allow":["GET"]}}],"collection":[{"href":"https:\/\/agora.xtec.cat\/escjoanardevol\/wp-json\/wp\/v2\/posts"}],"about":[{"href":"https:\/\/agora.xtec.cat\/escjoanardevol\/wp-json\/wp\/v2\/types\/post"}],"author":[{"embeddable":true,"href":"https:\/\/agora.xtec.cat\/escjoanardevol\/wp-json\/wp\/v2\/users\/1"}],"replies":[{"embeddable":true,"href":"https:\/\/agora.xtec.cat\/escjoanardevol\/wp-json\/wp\/v2\/comments?post=7240"}],"version-history":[{"count":2,"href":"https:\/\/agora.xtec.cat\/escjoanardevol\/wp-json\/wp\/v2\/posts\/7240\/revisions"}],"predecessor-version":[{"id":7243,"href":"https:\/\/agora.xtec.cat\/escjoanardevol\/wp-json\/wp\/v2\/posts\/7240\/revisions\/7243"}],"wp:featuredmedia":[{"embeddable":true,"href":"https:\/\/agora.xtec.cat\/escjoanardevol\/wp-json\/wp\/v2\/media\/7241"}],"wp:attachment":[{"href":"https:\/\/agora.xtec.cat\/escjoanardevol\/wp-json\/wp\/v2\/media?parent=7240"}],"wp:term":[{"taxonomy":"category","embeddable":true,"href":"https:\/\/agora.xtec.cat\/escjoanardevol\/wp-json\/wp\/v2\/categories?post=7240"},{"taxonomy":"post_tag","embeddable":true,"href":"https:\/\/agora.xtec.cat\/escjoanardevol\/wp-json\/wp\/v2\/tags?post=7240"}],"curies":[{"name":"wp","href":"https:\/\/api.w.org\/{rel}","templated":true}]}}