{"id":7221,"date":"2020-06-01T14:09:06","date_gmt":"2020-06-01T12:09:06","guid":{"rendered":"http:\/\/agora.xtec.cat\/escjoanardevol\/?p=7221"},"modified":"2020-06-01T17:47:43","modified_gmt":"2020-06-01T15:47:43","slug":"2n-repte-del-verdi-assolit","status":"publish","type":"post","link":"https:\/\/agora.xtec.cat\/escjoanardevol\/infantil\/2n-repte-del-verdi-assolit\/","title":{"rendered":"2n Repte del Verdi, Assolit!"},"content":{"rendered":"<p>Benvolgudes fam\u00edlies!<\/p>\n<p>Primer de tot, agrair-vos els consells que m\u2019heu fet arribar. Aquest cop els he posat en un mur virtual a on podreu llegir i escoltar, posar un<\/p>\n<p><img loading=\"lazy\" decoding=\"async\" class=\"alignleft size-full wp-image-7224\" src=\"https:\/\/agora.xtec.cat\/escjoanardevol\/wp-content\/uploads\/usu550\/2020\/06\/cor.jpg\" alt=\"\" width=\"26\" height=\"24\" \/><\/p>\n<p>als que us agraden.<\/p>\n<p>Aqu\u00ed teniu l\u2019enlla\u00e7 per accedir-hi: <a href=\"https:\/\/padlet.com\/escolaverda3\/Bookmarks\" target=\"_blank\" rel=\"noopener noreferrer\">https:\/\/padlet.com\/escolaverda3\/Bookmarks<\/a><\/p>\n<p><a href=\"https:\/\/padlet.com\/escolaverda3\/Bookmarks\" target=\"_blank\" rel=\"noopener noreferrer\"><img loading=\"lazy\" decoding=\"async\" class=\"wp-image-7222 alignnone\" src=\"https:\/\/agora.xtec.cat\/escjoanardevol\/wp-content\/uploads\/usu550\/2020\/06\/2nRepteVerdi-ASSOLIT-1024x745.jpg\" alt=\"\" width=\"500\" height=\"364\" srcset=\"https:\/\/agora.xtec.cat\/escjoanardevol\/wp-content\/uploads\/usu550\/2020\/06\/2nRepteVerdi-ASSOLIT-1024x745.jpg 1024w, https:\/\/agora.xtec.cat\/escjoanardevol\/wp-content\/uploads\/usu550\/2020\/06\/2nRepteVerdi-ASSOLIT-300x218.jpg 300w, https:\/\/agora.xtec.cat\/escjoanardevol\/wp-content\/uploads\/usu550\/2020\/06\/2nRepteVerdi-ASSOLIT-768x559.jpg 768w, https:\/\/agora.xtec.cat\/escjoanardevol\/wp-content\/uploads\/usu550\/2020\/06\/2nRepteVerdi-ASSOLIT.jpg 1234w\" sizes=\"auto, (max-width: 500px) 100vw, 500px\" \/><\/a><\/p>\n<p>D\u2019altra banda, us animo a totes les persones que formeu part de l\u2019escola que continueu afegint-hi consells! Aix\u00ed, si voleu, podeu pujar vosaltres mateixos els consells a la R que correspongui: <i>Reduir, Reutilitzar, Reciclar i Recuperar!<\/i><\/p>\n<p>Moltes gr\u00e0cies a tots i a totes per la vostra implicaci\u00f3! I recordeu: els vostres petits canvis, canviaran el m\u00f3n!<br \/>\nSalutacions,<\/p>\n<p><strong>Verdi<\/strong><\/p>\n","protected":false},"excerpt":{"rendered":"<p>Benvolgudes fam\u00edlies!<br \/>\nPrimer de tot, agrair-vos els consells que m\u2019heu fet arribar. Aquest cop els he posat en un mur virtual a on podreu llegir i escoltar, posar un<\/p>\n<p>als que us agraden.<br \/>\nAqu\u00ed teniu l\u2019enlla\u00e7 per accedir-hi: <a href=\"https:\/\/padlet.com\/escolaverda3\/Bookmarks\" target=\"_blank\" rel=\"noopener noreferrer\">https:\/\/padlet.com\/escolaverda3\/Bookmarks<\/a><br \/>\n<a href=\"https:\/\/padlet.com\/escolaverda3\/Bookmarks\" target=\"_blank\" rel=\"noopener noreferrer\"><\/a><br \/>\nD\u2019altra banda,&hellip;  <a href=\"https:\/\/agora.xtec.cat\/escjoanardevol\/infantil\/2n-repte-del-verdi-assolit\/\" title=\"Read 2n Repte del Verdi, Assolit!\">Llegeix m\u00e9s\u00bb<\/a><\/p>\n","protected":false},"author":1,"featured_media":7222,"comment_status":"closed","ping_status":"closed","sticky":false,"template":"","format":"standard","meta":{"_bbp_topic_count":0,"_bbp_reply_count":0,"_bbp_total_topic_count":0,"_bbp_total_reply_count":0,"_bbp_voice_count":0,"_bbp_anonymous_reply_count":0,"_bbp_topic_count_hidden":0,"_bbp_reply_count_hidden":0,"_bbp_forum_subforum_count":0,"footnotes":""},"categories":[206,2,4,5],"tags":[59,75,76,77,103,108,182,187],"class_list":["post-7221","post","type-post","status-publish","format-standard","has-post-thumbnail","hentry","category-verda","category-infantil","category-portada","category-primaria","tag-activitats","tag-cicle-inicial","tag-cicle-mitja","tag-cicle-superior-2","tag-educacio-infantil","tag-escola-verda","tag-treball","tag-valors"],"post_mailing_queue_ids":[],"_links":{"self":[{"href":"https:\/\/agora.xtec.cat\/escjoanardevol\/wp-json\/wp\/v2\/posts\/7221","targetHints":{"allow":["GET"]}}],"collection":[{"href":"https:\/\/agora.xtec.cat\/escjoanardevol\/wp-json\/wp\/v2\/posts"}],"about":[{"href":"https:\/\/agora.xtec.cat\/escjoanardevol\/wp-json\/wp\/v2\/types\/post"}],"author":[{"embeddable":true,"href":"https:\/\/agora.xtec.cat\/escjoanardevol\/wp-json\/wp\/v2\/users\/1"}],"replies":[{"embeddable":true,"href":"https:\/\/agora.xtec.cat\/escjoanardevol\/wp-json\/wp\/v2\/comments?post=7221"}],"version-history":[{"count":3,"href":"https:\/\/agora.xtec.cat\/escjoanardevol\/wp-json\/wp\/v2\/posts\/7221\/revisions"}],"predecessor-version":[{"id":7238,"href":"https:\/\/agora.xtec.cat\/escjoanardevol\/wp-json\/wp\/v2\/posts\/7221\/revisions\/7238"}],"wp:featuredmedia":[{"embeddable":true,"href":"https:\/\/agora.xtec.cat\/escjoanardevol\/wp-json\/wp\/v2\/media\/7222"}],"wp:attachment":[{"href":"https:\/\/agora.xtec.cat\/escjoanardevol\/wp-json\/wp\/v2\/media?parent=7221"}],"wp:term":[{"taxonomy":"category","embeddable":true,"href":"https:\/\/agora.xtec.cat\/escjoanardevol\/wp-json\/wp\/v2\/categories?post=7221"},{"taxonomy":"post_tag","embeddable":true,"href":"https:\/\/agora.xtec.cat\/escjoanardevol\/wp-json\/wp\/v2\/tags?post=7221"}],"curies":[{"name":"wp","href":"https:\/\/api.w.org\/{rel}","templated":true}]}}