{"id":7202,"date":"2020-05-22T07:41:38","date_gmt":"2020-05-22T05:41:38","guid":{"rendered":"http:\/\/agora.xtec.cat\/escjoanardevol\/?p=7202"},"modified":"2020-05-24T20:34:58","modified_gmt":"2020-05-24T18:34:58","slug":"premi-pilarin-bayes-lectura-del-conte-a-instagram","status":"publish","type":"post","link":"https:\/\/agora.xtec.cat\/escjoanardevol\/infantil\/premi-pilarin-bayes-lectura-del-conte-a-instagram\/","title":{"rendered":"Premi Pilar\u00edn Bay\u00e9s: lectura del conte a Instagram"},"content":{"rendered":"<p>Els nostres alumnes van guanyar el Premi Pilar\u00edn Bay\u00e9s. Durant aquests dies, cada dia un personatge conegut del m\u00f3n de la cultura llegeix un conte guanyador. El diumenge, 24 de maig, Ignasi Blanch, il\u00b7lustrador de contes i llibres, llegir\u00e0 el nostre conte guanyador &#8220;Els amics i els dilluns&#8221;. No us ho perdeu!!<\/p>\n<p>Lectura: Diumenge 24 de maig a les 18:00 al compte d\u2019instragram d\u2019Ignasi Blanch\u00a0<a href=\"https:\/\/www.instagram.com\/xiulaoficial\/\">@<\/a><a href=\"https:\/\/www.instagram.com\/blanchignasi\/\" target=\"_blank\" rel=\"noopener noreferrer\">blanchignasi<\/a><\/p>\n<p>Per escoltar la lectura del conte, feu-vos seguidor de l&#8217;Ignasi Blanch\u00a0<a href=\"https:\/\/www.instagram.com\/xiulaoficial\/\">@<\/a><a href=\"https:\/\/www.instagram.com\/blanchignasi\/\" target=\"_blank\" rel=\"noopener noreferrer\">blanchignasi<\/a>\u00a0i a les 18h, estigueu ben atens i connectats amb ell per sentir el nostre conte.<br \/>\n<a href=\"https:\/\/www.premipilarinbayes.org\/ignasi-blanch-la-magia-dels-pinzells\/\" target=\"_blank\" rel=\"noopener noreferrer\"><img loading=\"lazy\" decoding=\"async\" class=\"alignleft wp-image-7203 \" src=\"https:\/\/agora.xtec.cat\/escjoanardevol\/wp-content\/uploads\/usu550\/2020\/05\/PilrinBayesLectura.jpg\" alt=\"\" width=\"235\" height=\"235\" srcset=\"https:\/\/agora.xtec.cat\/escjoanardevol\/wp-content\/uploads\/usu550\/2020\/05\/PilrinBayesLectura.jpg 568w, https:\/\/agora.xtec.cat\/escjoanardevol\/wp-content\/uploads\/usu550\/2020\/05\/PilrinBayesLectura-150x150.jpg 150w, https:\/\/agora.xtec.cat\/escjoanardevol\/wp-content\/uploads\/usu550\/2020\/05\/PilrinBayesLectura-300x300.jpg 300w\" sizes=\"auto, (max-width: 235px) 100vw, 235px\" \/><\/a><\/p>\n","protected":false},"excerpt":{"rendered":"<p>Els nostres alumnes van guanyar el Premi Pilar\u00edn Bay\u00e9s. Durant aquests dies, cada dia un personatge conegut del m\u00f3n de la cultura llegeix un conte guanyador. El diumenge, 24 de maig, Ignasi Blanch, il\u00b7lustrador de contes i llibres, llegir\u00e0 el nostre conte guanyador &#8220;Els amics&hellip;  <a href=\"https:\/\/agora.xtec.cat\/escjoanardevol\/infantil\/premi-pilarin-bayes-lectura-del-conte-a-instagram\/\" title=\"Read Premi Pilar\u00edn Bay\u00e9s: lectura del conte a Instagram\">Llegeix m\u00e9s\u00bb<\/a><\/p>\n","protected":false},"author":1,"featured_media":7203,"comment_status":"closed","ping_status":"closed","sticky":false,"template":"","format":"standard","meta":{"_bbp_topic_count":0,"_bbp_reply_count":0,"_bbp_total_topic_count":0,"_bbp_total_reply_count":0,"_bbp_voice_count":0,"_bbp_anonymous_reply_count":0,"_bbp_topic_count_hidden":0,"_bbp_reply_count_hidden":0,"_bbp_forum_subforum_count":0,"footnotes":""},"categories":[12,2,4,5],"tags":[59,76,89,92,130,133,160,187],"class_list":["post-7202","post","type-post","status-publish","format-standard","has-post-thumbnail","hentry","category-3r","category-infantil","category-portada","category-primaria","tag-activitats","tag-cicle-mitja","tag-concursos","tag-contes","tag-lectura","tag-llibres","tag-premis","tag-valors"],"post_mailing_queue_ids":[],"_links":{"self":[{"href":"https:\/\/agora.xtec.cat\/escjoanardevol\/wp-json\/wp\/v2\/posts\/7202","targetHints":{"allow":["GET"]}}],"collection":[{"href":"https:\/\/agora.xtec.cat\/escjoanardevol\/wp-json\/wp\/v2\/posts"}],"about":[{"href":"https:\/\/agora.xtec.cat\/escjoanardevol\/wp-json\/wp\/v2\/types\/post"}],"author":[{"embeddable":true,"href":"https:\/\/agora.xtec.cat\/escjoanardevol\/wp-json\/wp\/v2\/users\/1"}],"replies":[{"embeddable":true,"href":"https:\/\/agora.xtec.cat\/escjoanardevol\/wp-json\/wp\/v2\/comments?post=7202"}],"version-history":[{"count":3,"href":"https:\/\/agora.xtec.cat\/escjoanardevol\/wp-json\/wp\/v2\/posts\/7202\/revisions"}],"predecessor-version":[{"id":7208,"href":"https:\/\/agora.xtec.cat\/escjoanardevol\/wp-json\/wp\/v2\/posts\/7202\/revisions\/7208"}],"wp:featuredmedia":[{"embeddable":true,"href":"https:\/\/agora.xtec.cat\/escjoanardevol\/wp-json\/wp\/v2\/media\/7203"}],"wp:attachment":[{"href":"https:\/\/agora.xtec.cat\/escjoanardevol\/wp-json\/wp\/v2\/media?parent=7202"}],"wp:term":[{"taxonomy":"category","embeddable":true,"href":"https:\/\/agora.xtec.cat\/escjoanardevol\/wp-json\/wp\/v2\/categories?post=7202"},{"taxonomy":"post_tag","embeddable":true,"href":"https:\/\/agora.xtec.cat\/escjoanardevol\/wp-json\/wp\/v2\/tags?post=7202"}],"curies":[{"name":"wp","href":"https:\/\/api.w.org\/{rel}","templated":true}]}}