{"id":719,"date":"2011-12-05T07:57:57","date_gmt":"2011-12-05T07:57:57","guid":{"rendered":"http:\/\/joanardevol.org\/info\/?p=719"},"modified":"2011-12-05T07:57:57","modified_gmt":"2011-12-05T07:57:57","slug":"pont","status":"publish","type":"post","link":"https:\/\/agora.xtec.cat\/escjoanardevol\/general\/pont\/","title":{"rendered":"Pont"},"content":{"rendered":"<p>Us recordem que el proper <strong>9 de desembre<\/strong> no hi haur\u00e0 classe. \u00c9s un dels dies de lliure disposici\u00f3 que ha aprovat tant el Consell Escolar del centre com el Consell Escolar municipal.<\/p>\n<p><img loading=\"lazy\" decoding=\"async\" class=\"alignnone\" title=\"pont\" src=\"http:\/\/lh5.ggpht.com\/_ysT2_zzAmps\/TAqhnuw8DAI\/AAAAAAAAAIo\/9a9vLcxdW7s\/Blog_20100605_imatge_03.jpg\" alt=\"\" width=\"672\" height=\"448\" \/><\/p>\n<p>&nbsp;<\/p>\n","protected":false},"excerpt":{"rendered":"<p>Us recordem que el proper 9 de desembre no hi haur\u00e0 classe. \u00c9s un dels dies de lliure disposici\u00f3 que ha aprovat tant el Consell Escolar del centre com el Consell Escolar municipal.<\/p>\n<p>&nbsp;<\/p>\n","protected":false},"author":1,"featured_media":0,"comment_status":"open","ping_status":"open","sticky":false,"template":"","format":"standard","meta":{"_bbp_topic_count":0,"_bbp_reply_count":0,"_bbp_total_topic_count":0,"_bbp_total_reply_count":0,"_bbp_voice_count":0,"_bbp_anonymous_reply_count":0,"_bbp_topic_count_hidden":0,"_bbp_reply_count_hidden":0,"_bbp_forum_subforum_count":0,"footnotes":""},"categories":[1],"tags":[115,186],"class_list":["post-719","post","type-post","status-publish","format-standard","hentry","category-general","tag-festes","tag-vacances"],"post_mailing_queue_ids":[],"_links":{"self":[{"href":"https:\/\/agora.xtec.cat\/escjoanardevol\/wp-json\/wp\/v2\/posts\/719","targetHints":{"allow":["GET"]}}],"collection":[{"href":"https:\/\/agora.xtec.cat\/escjoanardevol\/wp-json\/wp\/v2\/posts"}],"about":[{"href":"https:\/\/agora.xtec.cat\/escjoanardevol\/wp-json\/wp\/v2\/types\/post"}],"author":[{"embeddable":true,"href":"https:\/\/agora.xtec.cat\/escjoanardevol\/wp-json\/wp\/v2\/users\/1"}],"replies":[{"embeddable":true,"href":"https:\/\/agora.xtec.cat\/escjoanardevol\/wp-json\/wp\/v2\/comments?post=719"}],"version-history":[{"count":0,"href":"https:\/\/agora.xtec.cat\/escjoanardevol\/wp-json\/wp\/v2\/posts\/719\/revisions"}],"wp:attachment":[{"href":"https:\/\/agora.xtec.cat\/escjoanardevol\/wp-json\/wp\/v2\/media?parent=719"}],"wp:term":[{"taxonomy":"category","embeddable":true,"href":"https:\/\/agora.xtec.cat\/escjoanardevol\/wp-json\/wp\/v2\/categories?post=719"},{"taxonomy":"post_tag","embeddable":true,"href":"https:\/\/agora.xtec.cat\/escjoanardevol\/wp-json\/wp\/v2\/tags?post=719"}],"curies":[{"name":"wp","href":"https:\/\/api.w.org\/{rel}","templated":true}]}}