{"id":7182,"date":"2020-05-19T07:09:58","date_gmt":"2020-05-19T05:09:58","guid":{"rendered":"http:\/\/agora.xtec.cat\/escjoanardevol\/?p=7182"},"modified":"2020-05-20T07:57:06","modified_gmt":"2020-05-20T05:57:06","slug":"magrada-el-joan-ardevol","status":"publish","type":"post","link":"https:\/\/agora.xtec.cat\/escjoanardevol\/general\/magrada-el-joan-ardevol\/","title":{"rendered":"M&#8217;agrada el Joan Ard\u00e8vol!"},"content":{"rendered":"<p>No vam poder fer Jornada de Portes Obertes&#8230; per aix\u00f2 hem preparat un v\u00eddeo on us expliquem el que ens agrada del Joan Ard\u00e8vol:<\/p>\n<p><a href=\"https:\/\/drive.google.com\/open?id=13NJB_vi-ZkN6osSM7B8C2CW6SO8IXjIS\" target=\"_blank\" rel=\"noopener noreferrer\"><img loading=\"lazy\" decoding=\"async\" class=\"alignleft wp-image-7183\" src=\"https:\/\/agora.xtec.cat\/escjoanardevol\/wp-content\/uploads\/usu550\/2020\/05\/portadaVideo-1024x578.jpg\" alt=\"\" width=\"500\" height=\"282\" srcset=\"https:\/\/agora.xtec.cat\/escjoanardevol\/wp-content\/uploads\/usu550\/2020\/05\/portadaVideo-1024x578.jpg 1024w, https:\/\/agora.xtec.cat\/escjoanardevol\/wp-content\/uploads\/usu550\/2020\/05\/portadaVideo-300x169.jpg 300w, https:\/\/agora.xtec.cat\/escjoanardevol\/wp-content\/uploads\/usu550\/2020\/05\/portadaVideo-768x433.jpg 768w, https:\/\/agora.xtec.cat\/escjoanardevol\/wp-content\/uploads\/usu550\/2020\/05\/portadaVideo.jpg 1404w\" sizes=\"auto, (max-width: 500px) 100vw, 500px\" \/><\/a><\/p>\n","protected":false},"excerpt":{"rendered":"<p>No vam poder fer Jornada de Portes Obertes&#8230; per aix\u00f2 hem preparat un v\u00eddeo on us expliquem el que ens agrada del Joan Ard\u00e8vol:<br \/>\n<a href=\"https:\/\/drive.google.com\/open?id=13NJB_vi-ZkN6osSM7B8C2CW6SO8IXjIS\" target=\"_blank\" rel=\"noopener noreferrer\"><\/a><\/p>\n","protected":false},"author":1,"featured_media":7183,"comment_status":"closed","ping_status":"closed","sticky":false,"template":"","format":"standard","meta":{"_bbp_topic_count":0,"_bbp_reply_count":0,"_bbp_total_topic_count":0,"_bbp_total_reply_count":0,"_bbp_voice_count":0,"_bbp_anonymous_reply_count":0,"_bbp_topic_count_hidden":0,"_bbp_reply_count_hidden":0,"_bbp_forum_subforum_count":0,"footnotes":""},"categories":[1,2,4,5],"tags":[69,75,76,77,93,128,158],"class_list":["post-7182","post","type-post","status-publish","format-standard","has-post-thumbnail","hentry","category-general","category-infantil","category-portada","category-primaria","tag-cambrils","tag-cicle-inicial","tag-cicle-mitja","tag-cicle-superior-2","tag-convivencia","tag-jornades","tag-preinscripcio"],"post_mailing_queue_ids":[],"_links":{"self":[{"href":"https:\/\/agora.xtec.cat\/escjoanardevol\/wp-json\/wp\/v2\/posts\/7182","targetHints":{"allow":["GET"]}}],"collection":[{"href":"https:\/\/agora.xtec.cat\/escjoanardevol\/wp-json\/wp\/v2\/posts"}],"about":[{"href":"https:\/\/agora.xtec.cat\/escjoanardevol\/wp-json\/wp\/v2\/types\/post"}],"author":[{"embeddable":true,"href":"https:\/\/agora.xtec.cat\/escjoanardevol\/wp-json\/wp\/v2\/users\/1"}],"replies":[{"embeddable":true,"href":"https:\/\/agora.xtec.cat\/escjoanardevol\/wp-json\/wp\/v2\/comments?post=7182"}],"version-history":[{"count":1,"href":"https:\/\/agora.xtec.cat\/escjoanardevol\/wp-json\/wp\/v2\/posts\/7182\/revisions"}],"predecessor-version":[{"id":7184,"href":"https:\/\/agora.xtec.cat\/escjoanardevol\/wp-json\/wp\/v2\/posts\/7182\/revisions\/7184"}],"wp:featuredmedia":[{"embeddable":true,"href":"https:\/\/agora.xtec.cat\/escjoanardevol\/wp-json\/wp\/v2\/media\/7183"}],"wp:attachment":[{"href":"https:\/\/agora.xtec.cat\/escjoanardevol\/wp-json\/wp\/v2\/media?parent=7182"}],"wp:term":[{"taxonomy":"category","embeddable":true,"href":"https:\/\/agora.xtec.cat\/escjoanardevol\/wp-json\/wp\/v2\/categories?post=7182"},{"taxonomy":"post_tag","embeddable":true,"href":"https:\/\/agora.xtec.cat\/escjoanardevol\/wp-json\/wp\/v2\/tags?post=7182"}],"curies":[{"name":"wp","href":"https:\/\/api.w.org\/{rel}","templated":true}]}}