{"id":7146,"date":"2020-05-12T08:13:17","date_gmt":"2020-05-12T06:13:17","guid":{"rendered":"http:\/\/agora.xtec.cat\/escjoanardevol\/?p=7146"},"modified":"2020-05-12T08:16:05","modified_gmt":"2020-05-12T06:16:05","slug":"2n-repte-den-verdi","status":"publish","type":"post","link":"https:\/\/agora.xtec.cat\/escjoanardevol\/portada\/2n-repte-den-verdi\/","title":{"rendered":"2n repte d&#8217;en Verdi!"},"content":{"rendered":"<p><img loading=\"lazy\" decoding=\"async\" class=\"wp-image-5461 alignleft\" src=\"https:\/\/agora.xtec.cat\/escjoanardevol\/wp-content\/uploads\/usu550\/2018\/09\/verdi.jpg\" alt=\"\" width=\"135\" height=\"122\" \/>Benvolgudes fam\u00edlies!<br \/>\nDesitjo que continueu tots b\u00e9 i estigueu preparats pel 2n \u201c<strong>Repte Verd per a tota la fam\u00edlia<\/strong>\u201d<\/p>\n<p>En aquesta ocasi\u00f3, el repte que us proposo est\u00e0 relacionat amb els <strong>Consells d\u2019en Verdi<\/strong>. Es tracta que em feu arribar consells per fer difusi\u00f3 i conscienciar de la import\u00e0ncia de tenir cura del nostre Planeta i, m\u00e9s, en el temps que vivim!<\/p>\n<p>1- Primer de tot, <strong>penseu un consell<\/strong> sobre:<\/p>\n<table>\n<tbody>\n<tr>\n<td><em>Recollida selectiva<\/em><\/td>\n<td><em>Estalvi energ\u00e8tic i consum d&#8217;aigua<\/em><\/td>\n<td><em>Embolcalls i envasos<\/em><\/td>\n<\/tr>\n<tr>\n<td><img loading=\"lazy\" decoding=\"async\" class=\"alignleft wp-image-7147\" src=\"https:\/\/agora.xtec.cat\/escjoanardevol\/wp-content\/uploads\/usu550\/2020\/05\/contenidors.jpg\" alt=\"\" width=\"150\" height=\"69\" \/><\/td>\n<td><img loading=\"lazy\" decoding=\"async\" class=\"alignleft wp-image-7150\" src=\"https:\/\/agora.xtec.cat\/escjoanardevol\/wp-content\/uploads\/usu550\/2020\/05\/bombeta-mon.jpg\" alt=\"\" width=\"150\" height=\"66\" \/><\/td>\n<td><img loading=\"lazy\" decoding=\"async\" class=\"alignleft wp-image-7148\" src=\"https:\/\/agora.xtec.cat\/escjoanardevol\/wp-content\/uploads\/usu550\/2020\/05\/embolcalls-envasos.jpg\" alt=\"\" width=\"150\" height=\"58\" srcset=\"https:\/\/agora.xtec.cat\/escjoanardevol\/wp-content\/uploads\/usu550\/2020\/05\/embolcalls-envasos.jpg 339w, https:\/\/agora.xtec.cat\/escjoanardevol\/wp-content\/uploads\/usu550\/2020\/05\/embolcalls-envasos-300x117.jpg 300w\" sizes=\"auto, (max-width: 150px) 100vw, 150px\" \/><\/td>\n<\/tr>\n<\/tbody>\n<\/table>\n<p>2- Despr\u00e9s, li <strong>doneu forma<\/strong>: podeu gravar un v\u00eddeo m\u00e0xim 15 segons, fer una foto amb un cartell, dissenyar un dibuix&#8230;.<br \/>\nUs proposo que, si podeu, en forma de rodol\u00ed el creeu, ser\u00e0 m\u00e9s f\u00e0cil d\u2019entendre i a molta gent intentarem conv\u00e8ncer!<\/p>\n<p>3- Per \u00faltim, l\u2019envieu al meu correu personal <a href=\"mailto:escolaverda@joanardevol.org\">escolaverda@joanardevol.org<\/a><br \/>\n<strong>No oblideu escriure el vostre nom i curs<\/strong>!<\/p>\n<p>Quan els tingui els compartir\u00e9 perqu\u00e8 entre tots i totes els posem a la pr\u00e0ctica! <img loading=\"lazy\" decoding=\"async\" class=\"\" src=\"https:\/\/agora.xtec.cat\/escjoanardevol\/wp-content\/uploads\/usu550\/2020\/05\/bombeta.jpg\" alt=\"\" width=\"50\" height=\"60\" \/><\/p>\n<p>Vinga fam\u00edlies, preparats pel nou repte? Ja tinc ganes de veure els vostres consells!<\/p>\n<h3 style=\"text-align: center;\">I recordeu, els petits canvis, canvien el m\u00f3n!<\/h3>\n","protected":false},"excerpt":{"rendered":"<p>Benvolgudes fam\u00edlies!<br \/>\nDesitjo que continueu tots b\u00e9 i estigueu preparats pel 2n \u201cRepte Verd per a tota la fam\u00edlia\u201d<br \/>\nEn aquesta ocasi\u00f3, el repte que us proposo est\u00e0 relacionat amb els Consells d\u2019en Verdi. Es tracta que em feu arribar consells per fer difusi\u00f3 i conscienciar de&hellip;  <a href=\"https:\/\/agora.xtec.cat\/escjoanardevol\/portada\/2n-repte-den-verdi\/\" title=\"Read 2n repte d&#8217;en Verdi!\">Llegeix m\u00e9s\u00bb<\/a><\/p>\n","protected":false},"author":1,"featured_media":7153,"comment_status":"closed","ping_status":"closed","sticky":false,"template":"","format":"standard","meta":{"_bbp_topic_count":0,"_bbp_reply_count":0,"_bbp_total_topic_count":0,"_bbp_total_reply_count":0,"_bbp_voice_count":0,"_bbp_anonymous_reply_count":0,"_bbp_topic_count_hidden":0,"_bbp_reply_count_hidden":0,"_bbp_forum_subforum_count":0,"footnotes":""},"categories":[206,4],"tags":[59,75,76,77,103,108,140,164,251,252],"class_list":["post-7146","post","type-post","status-publish","format-standard","has-post-thumbnail","hentry","category-verda","category-portada","tag-activitats","tag-cicle-inicial","tag-cicle-mitja","tag-cicle-superior-2","tag-educacio-infantil","tag-escola-verda","tag-medi","tag-reciclatge","tag-reptes","tag-verdi"],"post_mailing_queue_ids":[],"_links":{"self":[{"href":"https:\/\/agora.xtec.cat\/escjoanardevol\/wp-json\/wp\/v2\/posts\/7146","targetHints":{"allow":["GET"]}}],"collection":[{"href":"https:\/\/agora.xtec.cat\/escjoanardevol\/wp-json\/wp\/v2\/posts"}],"about":[{"href":"https:\/\/agora.xtec.cat\/escjoanardevol\/wp-json\/wp\/v2\/types\/post"}],"author":[{"embeddable":true,"href":"https:\/\/agora.xtec.cat\/escjoanardevol\/wp-json\/wp\/v2\/users\/1"}],"replies":[{"embeddable":true,"href":"https:\/\/agora.xtec.cat\/escjoanardevol\/wp-json\/wp\/v2\/comments?post=7146"}],"version-history":[{"count":1,"href":"https:\/\/agora.xtec.cat\/escjoanardevol\/wp-json\/wp\/v2\/posts\/7146\/revisions"}],"predecessor-version":[{"id":7152,"href":"https:\/\/agora.xtec.cat\/escjoanardevol\/wp-json\/wp\/v2\/posts\/7146\/revisions\/7152"}],"wp:featuredmedia":[{"embeddable":true,"href":"https:\/\/agora.xtec.cat\/escjoanardevol\/wp-json\/wp\/v2\/media\/7153"}],"wp:attachment":[{"href":"https:\/\/agora.xtec.cat\/escjoanardevol\/wp-json\/wp\/v2\/media?parent=7146"}],"wp:term":[{"taxonomy":"category","embeddable":true,"href":"https:\/\/agora.xtec.cat\/escjoanardevol\/wp-json\/wp\/v2\/categories?post=7146"},{"taxonomy":"post_tag","embeddable":true,"href":"https:\/\/agora.xtec.cat\/escjoanardevol\/wp-json\/wp\/v2\/tags?post=7146"}],"curies":[{"name":"wp","href":"https:\/\/api.w.org\/{rel}","templated":true}]}}