{"id":7099,"date":"2020-05-08T20:13:48","date_gmt":"2020-05-08T18:13:48","guid":{"rendered":"http:\/\/agora.xtec.cat\/escjoanardevol\/?p=7099"},"modified":"2020-06-09T16:38:10","modified_gmt":"2020-06-09T14:38:10","slug":"preincsripcio-2020-2021","status":"publish","type":"post","link":"https:\/\/agora.xtec.cat\/escjoanardevol\/general\/preincsripcio-2020-2021\/","title":{"rendered":"Preinscripci\u00f3 2020-2021"},"content":{"rendered":"<p><img loading=\"lazy\" decoding=\"async\" class=\"size-full wp-image-7103 alignnone\" src=\"https:\/\/agora.xtec.cat\/escjoanardevol\/wp-content\/uploads\/usu550\/2020\/05\/preinsc2021.png\" alt=\"\" width=\"872\" height=\"123\" srcset=\"https:\/\/agora.xtec.cat\/escjoanardevol\/wp-content\/uploads\/usu550\/2020\/05\/preinsc2021.png 872w, https:\/\/agora.xtec.cat\/escjoanardevol\/wp-content\/uploads\/usu550\/2020\/05\/preinsc2021-300x42.png 300w, https:\/\/agora.xtec.cat\/escjoanardevol\/wp-content\/uploads\/usu550\/2020\/05\/preinsc2021-768x108.png 768w\" sizes=\"auto, (max-width: 872px) 100vw, 872px\" \/><\/p>\n<p>Degut a la situaci\u00f3 de pand\u00e8mia que estem vivint i per tal d&#8217;evitar despla\u00e7aments i riscos, el Departament d&#8217;Educaci\u00f3 ha preparat un procediment de preinscripci\u00f3 i matr\u00edcula molt senzill en el que es promou la presentaci\u00f3 de la sol\u00b7licitud online. Podeu trobar tota la informaci\u00f3 general <a class=\"css-4rbku5 css-18t94o4 css-901oao css-16my406 r-1n1174f r-1loqt21 r-1qd0xha r-ad9z0x r-bcqeeo r-1ny4l3l r-1ddef8g r-qvutc0\" dir=\"ltr\" title=\"http:\/\/preinscripcio.gencat.cat\" role=\"link\" href=\"https:\/\/t.co\/5SaDtGcB8M?amp=1\" target=\"_blank\" rel=\"noopener noreferrer\" data-focusable=\"true\">preinscripcio.gencat.cat<\/a><\/p>\n<p>La preinscripci\u00f3 nom\u00e9s l&#8217;han de fer els alumnes que comencin P3 o vulguin canviar de centre. La resta, inclosos els de 6\u00e8 que passaran a 1r d&#8217;ESO, no cal que facin cap tr\u00e0mit.<\/p>\n<p>De manera excepcional, per als casos en els que els sol\u00b7licitants no puguin fer la presentaci\u00f3 online es reservaran uns dies perqu\u00e8 puguin presentar la documentaci\u00f3 de forma presencial. Cal demanar cita pr\u00e8via.<\/p>\n<p><strong>CALENDARI:<\/strong><\/p>\n<ul style=\"font-size: 16px; font-family: 'Helvetica Neue', Helvetica, Helvetica, Arial, sans-serif;\">\n<li>Preinscripci\u00f3 online: del 13 al 22 de maig.\u00a0<a href=\"http:\/\/ensenyament.gencat.cat\/ca\/tramits\/tramits-temes\/20483-obligatoris?moda=1\" target=\"_blank\" rel=\"noopener noreferrer\">P\u00e0gina d&#8217;informaci\u00f3 del Departament d&#8217;Educaci\u00f3<\/a>.<\/li>\n<li>Preinscripci\u00f3 presencial, amb cita pr\u00e8via: del 19 al 22 de maig. Per demanar cita pr\u00e8via:\n<ul>\n<li>Accedir a l&#8217;<a href=\"https:\/\/aplicacions.gestioeducativa.gencat.cat\/pls\/apex\/f?p=CITA_PREVIA:4::::4:P4_TIPUS_CALENDARI,P4_DOMINI:01_Oblig,43013130\" target=\"_blank\" rel=\"noopener noreferrer\">aplicatiu online de cita pr\u00e8via<\/a><\/li>\n<li>Escriure a\u00a0<a href=\"mailto:secretaria@joanardevol.org\">secretaria@joanardevol.org<\/a><\/li>\n<li>Trucar al 977 360 640 pels matins<\/li>\n<\/ul>\n<\/li>\n<\/ul>\n<p><strong>DOCUMENTACI\u00d3 NECESS\u00c0RIA:<\/strong><\/p>\n<ul>\n<li><span style=\"font-family: inherit; font-size: 1em;\">Formulari de sol\u00b7licitud.<\/span><\/li>\n<li>Llibre de fam\u00edlia o altres documents relatius a la filiaci\u00f3.<\/li>\n<li>DNI, NIE o passaport del sol\u00b7licitant.<\/li>\n<\/ul>\n<p><strong>CRITERIS DE PRIORITAT:<\/strong><\/p>\n<table style=\"height: 10px; width: 0px;\">\n<tbody>\n<tr style=\"height: 31px;\">\n<td style=\"height: 0px; width: 495px;\"><strong>CRITERI<\/strong><\/td>\n<td style=\"height: 0px; width: 331px;\"><strong>Documentaci\u00f3 acreditativa<\/strong><\/td>\n<td style=\"height: 0px; width: 88px;\"><strong>Puntuaci\u00f3<\/strong><\/td>\n<\/tr>\n<tr style=\"height: 37px;\">\n<td style=\"height: 0px; width: 495px;\">Tenir germans al centre o pares que hi treballin.<\/td>\n<td style=\"height: 0px; width: 331px;\">Indicar-ho a la sol\u00b7licitud. El centre ho verificar\u00e0.<\/td>\n<td style=\"height: 0px; width: 88px;\">40 punts<\/td>\n<\/tr>\n<tr style=\"height: 77px;\">\n<td style=\"height: 10px; width: 495px;\">Domicili dins l\u2019\u00e0rea d\u2019influ\u00e8ncia.<\/td>\n<td style=\"height: 10px; width: 331px;\">Adre\u00e7a del DNI o volant municipal de conviv\u00e8ncia.<\/td>\n<td style=\"height: 10px; width: 88px;\">30 punts<\/td>\n<\/tr>\n<tr style=\"height: 77px;\">\n<td style=\"height: 0px; width: 495px;\">Domicili laboral d\u2019un progenitor dins l\u2019\u00e0rea d\u2019influ\u00e8ncia.<\/td>\n<td style=\"height: 0px; width: 331px;\">Contracte laboral o certificat empresa.<\/td>\n<td style=\"height: 0px; width: 88px;\">20 punts<\/td>\n<\/tr>\n<tr style=\"height: 77px;\">\n<td style=\"height: 0px; width: 495px;\">Domicili fora de l\u2019\u00e0rea d\u2019influ\u00e8ncia per\u00f2 en el municipi.<\/td>\n<td style=\"height: 0px; width: 331px;\">Adre\u00e7a del DNI o volant municipal de conviv\u00e8ncia.<\/td>\n<td style=\"height: 0px; width: 88px;\">10 punts<\/td>\n<\/tr>\n<tr style=\"height: 55px;\">\n<td style=\"height: 0px; width: 495px;\">Beneficiari d\u2019ajut de renda garantida.<\/td>\n<td style=\"height: 0px; width: 331px;\">Documentaci\u00f3 acreditativa.<\/td>\n<td style=\"height: 0px; width: 88px;\">10 punts<\/td>\n<\/tr>\n<tr style=\"height: 77px;\">\n<td style=\"height: 0px; width: 495px;\">Discapacitat de l\u2019alumne pares o germans.<\/td>\n<td style=\"height: 0px; width: 331px;\">Targeta acreditativa. (igual o superior al 33%).<\/td>\n<td style=\"height: 0px; width: 88px;\">10 punts<\/td>\n<\/tr>\n<tr style=\"height: 10px;\">\n<td style=\"height: 0px; width: 495px;\">Complementari (s\u2019aplica en cas d\u2019empat): Fam\u00edlia nombrosa o monoparental<\/td>\n<td style=\"height: 0px; width: 331px;\">Carnet de fam\u00edlia nombrosa o monoparental<\/td>\n<td style=\"height: 0px; width: 88px;\">15 punts<\/td>\n<\/tr>\n<\/tbody>\n<\/table>\n<p><a href=\"http:\/\/mapaescolar.gencat.cat\/\" target=\"_blank\" rel=\"noopener noreferrer\">OFERTA DE PLACES (Mapa escolar de Catalunya)<\/a><\/p>\n<p><a href=\"https:\/\/agora.xtec.cat\/escjoanardevol\/wp-content\/uploads\/usu550\/2020\/05\/02-INFORME_BAREM_PROVISIONAL_BAREM.pdf\" target=\"_blank\" rel=\"noopener noreferrer\">PUBLICACI\u00d3 LLISTAT DE SOL\u00b7LICITUDS BAREM PROVISIONAL<\/a><\/p>\n<p><a href=\"https:\/\/agora.xtec.cat\/escjoanardevol\/wp-content\/uploads\/usu550\/2020\/06\/03-INFORME_BAREM_RESOLTES_BAREM.pdf\" target=\"_blank\" rel=\"noopener noreferrer\">PUBLICACI\u00d3 BAREM DEFINITIU<\/a><\/p>\n<p>&nbsp;<\/p>\n<p>&nbsp;<\/p>\n<p>&nbsp;<\/p>\n","protected":false},"excerpt":{"rendered":"<p>Degut a la situaci\u00f3 de pand\u00e8mia que estem vivint i per tal d&#8217;evitar despla\u00e7aments i riscos, el Departament d&#8217;Educaci\u00f3 ha preparat un procediment de preinscripci\u00f3 i matr\u00edcula molt senzill en el que es promou la presentaci\u00f3 de la sol\u00b7licitud online. Podeu trobar tota la informaci\u00f3&hellip;  <a href=\"https:\/\/agora.xtec.cat\/escjoanardevol\/general\/preincsripcio-2020-2021\/\" title=\"Read Preinscripci\u00f3 2020-2021\">Llegeix m\u00e9s\u00bb<\/a><\/p>\n","protected":false},"author":1,"featured_media":7103,"comment_status":"closed","ping_status":"closed","sticky":false,"template":"","format":"standard","meta":{"_bbp_topic_count":0,"_bbp_reply_count":0,"_bbp_total_topic_count":0,"_bbp_total_reply_count":0,"_bbp_voice_count":0,"_bbp_anonymous_reply_count":0,"_bbp_topic_count_hidden":0,"_bbp_reply_count_hidden":0,"_bbp_forum_subforum_count":0,"footnotes":""},"categories":[1],"tags":[124,148,158],"class_list":["post-7099","post","type-post","status-publish","format-standard","has-post-thumbnail","hentry","category-general","tag-informacio","tag-noticies","tag-preinscripcio"],"post_mailing_queue_ids":[],"_links":{"self":[{"href":"https:\/\/agora.xtec.cat\/escjoanardevol\/wp-json\/wp\/v2\/posts\/7099","targetHints":{"allow":["GET"]}}],"collection":[{"href":"https:\/\/agora.xtec.cat\/escjoanardevol\/wp-json\/wp\/v2\/posts"}],"about":[{"href":"https:\/\/agora.xtec.cat\/escjoanardevol\/wp-json\/wp\/v2\/types\/post"}],"author":[{"embeddable":true,"href":"https:\/\/agora.xtec.cat\/escjoanardevol\/wp-json\/wp\/v2\/users\/1"}],"replies":[{"embeddable":true,"href":"https:\/\/agora.xtec.cat\/escjoanardevol\/wp-json\/wp\/v2\/comments?post=7099"}],"version-history":[{"count":3,"href":"https:\/\/agora.xtec.cat\/escjoanardevol\/wp-json\/wp\/v2\/posts\/7099\/revisions"}],"predecessor-version":[{"id":7259,"href":"https:\/\/agora.xtec.cat\/escjoanardevol\/wp-json\/wp\/v2\/posts\/7099\/revisions\/7259"}],"wp:featuredmedia":[{"embeddable":true,"href":"https:\/\/agora.xtec.cat\/escjoanardevol\/wp-json\/wp\/v2\/media\/7103"}],"wp:attachment":[{"href":"https:\/\/agora.xtec.cat\/escjoanardevol\/wp-json\/wp\/v2\/media?parent=7099"}],"wp:term":[{"taxonomy":"category","embeddable":true,"href":"https:\/\/agora.xtec.cat\/escjoanardevol\/wp-json\/wp\/v2\/categories?post=7099"},{"taxonomy":"post_tag","embeddable":true,"href":"https:\/\/agora.xtec.cat\/escjoanardevol\/wp-json\/wp\/v2\/tags?post=7099"}],"curies":[{"name":"wp","href":"https:\/\/api.w.org\/{rel}","templated":true}]}}