{"id":7096,"date":"2020-05-07T10:20:54","date_gmt":"2020-05-07T08:20:54","guid":{"rendered":"http:\/\/agora.xtec.cat\/escjoanardevol\/?p=7096"},"modified":"2020-05-07T10:50:26","modified_gmt":"2020-05-07T08:50:26","slug":"repte-tot-anira-be-assolit","status":"publish","type":"post","link":"https:\/\/agora.xtec.cat\/escjoanardevol\/infantil\/repte-tot-anira-be-assolit\/","title":{"rendered":"Repte #Tot anir\u00e0 b\u00e9: assolit!"},"content":{"rendered":"<p>Entre tots hem aconseguit fer un missatge de que #TOT ANIR\u00c0 B\u00c9<br \/>\nMireu el v\u00eddeo i gaudiu:<\/p>\n<p><a href=\"https:\/\/drive.google.com\/open?id=15CMVB5i2TcnDk4Ddk8D0NZKIfl7q21uJ\" target=\"_blank\" rel=\"noopener noreferrer\"><img loading=\"lazy\" decoding=\"async\" class=\"alignleft wp-image-7097\" src=\"https:\/\/agora.xtec.cat\/escjoanardevol\/wp-content\/uploads\/usu550\/2020\/05\/Video-Tot-anira-be-2.jpg\" alt=\"\" width=\"500\" height=\"325\" srcset=\"https:\/\/agora.xtec.cat\/escjoanardevol\/wp-content\/uploads\/usu550\/2020\/05\/Video-Tot-anira-be-2.jpg 947w, https:\/\/agora.xtec.cat\/escjoanardevol\/wp-content\/uploads\/usu550\/2020\/05\/Video-Tot-anira-be-2-300x195.jpg 300w, https:\/\/agora.xtec.cat\/escjoanardevol\/wp-content\/uploads\/usu550\/2020\/05\/Video-Tot-anira-be-2-768x499.jpg 768w\" sizes=\"auto, (max-width: 500px) 100vw, 500px\" \/><\/a><\/p>\n","protected":false},"excerpt":{"rendered":"<p>Entre tots hem aconseguit fer un missatge de que #TOT ANIR\u00c0 B\u00c9<br \/>\nMireu el v\u00eddeo i gaudiu:<br \/>\n<a href=\"https:\/\/drive.google.com\/open?id=15CMVB5i2TcnDk4Ddk8D0NZKIfl7q21uJ\" target=\"_blank\" rel=\"noopener noreferrer\"><\/a><\/p>\n","protected":false},"author":1,"featured_media":7097,"comment_status":"closed","ping_status":"closed","sticky":false,"template":"","format":"standard","meta":{"_bbp_topic_count":0,"_bbp_reply_count":0,"_bbp_total_topic_count":0,"_bbp_total_reply_count":0,"_bbp_voice_count":0,"_bbp_anonymous_reply_count":0,"_bbp_topic_count_hidden":0,"_bbp_reply_count_hidden":0,"_bbp_forum_subforum_count":0,"footnotes":""},"categories":[2,4,5],"tags":[59,75,76,77,93,94,250,103,116,145,187],"class_list":["post-7096","post","type-post","status-publish","format-standard","has-post-thumbnail","hentry","category-infantil","category-portada","category-primaria","tag-activitats","tag-cicle-inicial","tag-cicle-mitja","tag-cicle-superior-2","tag-convivencia","tag-cooperacio","tag-coronavirus","tag-educacio-infantil","tag-fotos","tag-musica","tag-valors"],"post_mailing_queue_ids":[],"_links":{"self":[{"href":"https:\/\/agora.xtec.cat\/escjoanardevol\/wp-json\/wp\/v2\/posts\/7096","targetHints":{"allow":["GET"]}}],"collection":[{"href":"https:\/\/agora.xtec.cat\/escjoanardevol\/wp-json\/wp\/v2\/posts"}],"about":[{"href":"https:\/\/agora.xtec.cat\/escjoanardevol\/wp-json\/wp\/v2\/types\/post"}],"author":[{"embeddable":true,"href":"https:\/\/agora.xtec.cat\/escjoanardevol\/wp-json\/wp\/v2\/users\/1"}],"replies":[{"embeddable":true,"href":"https:\/\/agora.xtec.cat\/escjoanardevol\/wp-json\/wp\/v2\/comments?post=7096"}],"version-history":[{"count":1,"href":"https:\/\/agora.xtec.cat\/escjoanardevol\/wp-json\/wp\/v2\/posts\/7096\/revisions"}],"predecessor-version":[{"id":7098,"href":"https:\/\/agora.xtec.cat\/escjoanardevol\/wp-json\/wp\/v2\/posts\/7096\/revisions\/7098"}],"wp:featuredmedia":[{"embeddable":true,"href":"https:\/\/agora.xtec.cat\/escjoanardevol\/wp-json\/wp\/v2\/media\/7097"}],"wp:attachment":[{"href":"https:\/\/agora.xtec.cat\/escjoanardevol\/wp-json\/wp\/v2\/media?parent=7096"}],"wp:term":[{"taxonomy":"category","embeddable":true,"href":"https:\/\/agora.xtec.cat\/escjoanardevol\/wp-json\/wp\/v2\/categories?post=7096"},{"taxonomy":"post_tag","embeddable":true,"href":"https:\/\/agora.xtec.cat\/escjoanardevol\/wp-json\/wp\/v2\/tags?post=7096"}],"curies":[{"name":"wp","href":"https:\/\/api.w.org\/{rel}","templated":true}]}}