{"id":7007,"date":"2020-04-23T21:55:16","date_gmt":"2020-04-23T19:55:16","guid":{"rendered":"http:\/\/agora.xtec.cat\/escjoanardevol\/?p=7007"},"modified":"2020-04-28T00:32:45","modified_gmt":"2020-04-27T22:32:45","slug":"repte-tot-anira-be","status":"publish","type":"post","link":"https:\/\/agora.xtec.cat\/escjoanardevol\/general\/repte-tot-anira-be\/","title":{"rendered":"Repte: Tot anir\u00e0 b\u00e9!"},"content":{"rendered":"<p>Hola! Com esteu? Esperem que molt b\u00e9 i que feu molt\u00edssimes activitats.<\/p>\n<p>Des de l&#8217;escola us proposem un nou repte: Segur que tots i totes vosaltres feu coses que us fan sentir molt b\u00e9 i us ajuden a passar de la millor manera possible aquest temps que esteu a casa. Ens agradaria que ens les f\u00e9ssiu arribar per compartir-les amb tots els companys i companyes, i aix\u00ed ells i elles puguin inspirar-se en vosaltres per fer aquestes activitats tan divertides.<br \/>\nPrimer has de pensar una cosa que et faci feli\u00e7, despr\u00e9s l&#8217;has d&#8217;escriure amb lletres ben boniques, com si dibuixessis un graffiti, per exemple, i afegir el hashtag #TOTANIR\u00c0B\u00c9. Si voleu tamb\u00e9 hi podeu fer un dibuix o decorar-ho com m\u00e9s us agradi. Finalment us feu una foto amb el vostre cartell i ens l&#8217;envieu a <a href=\"mailto:convivenccia@joanardevol.org\">convivenccia@joanardevol.org<\/a>. Tenim moltes ganes de veure totes les coses que us fan passar una estona ben divertida!!! Amb totes les fotos rebudes farem un muntatge que enviarem a tots els alumnes de la nostra escola. Per cert\u2026 aquesta \u00e9s una proposta oberta a tota la comunitat educativa!!!! Aix\u00ed que&#8230;familiars, monitores, PAS, mestres i evidentment alumnat\u2026 QUEDA TOTHOM REPTAT, SI SI TOTHOM!!!!!!<\/p>\n<p>Alguns exemples s\u00f3n:<br \/>\nESCRIU UN POEMA I&#8230; #TOTANIR\u00c0B\u00c9<br \/>\nCANTA I&#8230;#TOTANIR\u00c0B\u00c9<br \/>\nDIGUES BON DIA I&#8230; #TOTANIR\u00c0B\u00c9<br \/>\nBALLA I&#8230;#TOTANIR\u00c0B\u00c9<br \/>\nMENJA SA I&#8230;#TOTANIR\u00c0B\u00c9<br \/>\nTRUCA ALS AVIS I&#8230;#TOTANIR\u00c0B\u00c9<br \/>\nREGA LES PLANTES I&#8230;#TOTANIR\u00c0B\u00c9<br \/>\nAJUDA A CASA I&#8230;#TOTANIR\u00c0B\u00c9<br \/>\nRIU I&#8230; #TOTANIR\u00c0B\u00c9<br \/>\nD\u00d3NA GR\u00c0CIES I&#8230;#TOTANIR\u00c0B\u00c9<br \/>\nPARA LA TAULA I\u2026#TOTANIR\u00c0B\u00c9<br \/>\nABRA\u00c7A I\u2026#TOTANIR\u00c0B\u00c9<br \/>\nTOCA I\u2026#TOTANIR\u00c0B\u00c9<\/p>\n<p><a href=\"https:\/\/agora.xtec.cat\/escjoanardevol\/wp-content\/uploads\/usu550\/2020\/04\/FotoJet.jpg\" target=\"_blank\" rel=\"noopener noreferrer\"><img loading=\"lazy\" decoding=\"async\" class=\"alignleft wp-image-7014\" src=\"https:\/\/agora.xtec.cat\/escjoanardevol\/wp-content\/uploads\/usu550\/2020\/04\/FotoJet-1024x1024.jpg\" alt=\"\" width=\"500\" height=\"500\" srcset=\"https:\/\/agora.xtec.cat\/escjoanardevol\/wp-content\/uploads\/usu550\/2020\/04\/FotoJet-1024x1024.jpg 1024w, https:\/\/agora.xtec.cat\/escjoanardevol\/wp-content\/uploads\/usu550\/2020\/04\/FotoJet-150x150.jpg 150w, https:\/\/agora.xtec.cat\/escjoanardevol\/wp-content\/uploads\/usu550\/2020\/04\/FotoJet-300x300.jpg 300w, https:\/\/agora.xtec.cat\/escjoanardevol\/wp-content\/uploads\/usu550\/2020\/04\/FotoJet-768x768.jpg 768w, https:\/\/agora.xtec.cat\/escjoanardevol\/wp-content\/uploads\/usu550\/2020\/04\/FotoJet.jpg 1200w\" sizes=\"auto, (max-width: 500px) 100vw, 500px\" \/><\/a><\/p>\n","protected":false},"excerpt":{"rendered":"<p>Hola! Com esteu? Esperem que molt b\u00e9 i que feu molt\u00edssimes activitats.<br \/>\nDes de l&#8217;escola us proposem un nou repte: Segur que tots i totes vosaltres feu coses que us fan sentir molt b\u00e9 i us ajuden a passar de la millor manera possible aquest temps&hellip;  <a href=\"https:\/\/agora.xtec.cat\/escjoanardevol\/general\/repte-tot-anira-be\/\" title=\"Read Repte: Tot anir\u00e0 b\u00e9!\">Llegeix m\u00e9s\u00bb<\/a><\/p>\n","protected":false},"author":1,"featured_media":7016,"comment_status":"closed","ping_status":"closed","sticky":false,"template":"","format":"standard","meta":{"_bbp_topic_count":0,"_bbp_reply_count":0,"_bbp_total_topic_count":0,"_bbp_total_reply_count":0,"_bbp_voice_count":0,"_bbp_anonymous_reply_count":0,"_bbp_topic_count_hidden":0,"_bbp_reply_count_hidden":0,"_bbp_forum_subforum_count":0,"footnotes":""},"categories":[1,2,4],"tags":[59,75,76,77,93,94,103,187],"class_list":["post-7007","post","type-post","status-publish","format-standard","has-post-thumbnail","hentry","category-general","category-infantil","category-portada","tag-activitats","tag-cicle-inicial","tag-cicle-mitja","tag-cicle-superior-2","tag-convivencia","tag-cooperacio","tag-educacio-infantil","tag-valors"],"post_mailing_queue_ids":[],"_links":{"self":[{"href":"https:\/\/agora.xtec.cat\/escjoanardevol\/wp-json\/wp\/v2\/posts\/7007","targetHints":{"allow":["GET"]}}],"collection":[{"href":"https:\/\/agora.xtec.cat\/escjoanardevol\/wp-json\/wp\/v2\/posts"}],"about":[{"href":"https:\/\/agora.xtec.cat\/escjoanardevol\/wp-json\/wp\/v2\/types\/post"}],"author":[{"embeddable":true,"href":"https:\/\/agora.xtec.cat\/escjoanardevol\/wp-json\/wp\/v2\/users\/1"}],"replies":[{"embeddable":true,"href":"https:\/\/agora.xtec.cat\/escjoanardevol\/wp-json\/wp\/v2\/comments?post=7007"}],"version-history":[{"count":1,"href":"https:\/\/agora.xtec.cat\/escjoanardevol\/wp-json\/wp\/v2\/posts\/7007\/revisions"}],"predecessor-version":[{"id":7015,"href":"https:\/\/agora.xtec.cat\/escjoanardevol\/wp-json\/wp\/v2\/posts\/7007\/revisions\/7015"}],"wp:featuredmedia":[{"embeddable":true,"href":"https:\/\/agora.xtec.cat\/escjoanardevol\/wp-json\/wp\/v2\/media\/7016"}],"wp:attachment":[{"href":"https:\/\/agora.xtec.cat\/escjoanardevol\/wp-json\/wp\/v2\/media?parent=7007"}],"wp:term":[{"taxonomy":"category","embeddable":true,"href":"https:\/\/agora.xtec.cat\/escjoanardevol\/wp-json\/wp\/v2\/categories?post=7007"},{"taxonomy":"post_tag","embeddable":true,"href":"https:\/\/agora.xtec.cat\/escjoanardevol\/wp-json\/wp\/v2\/tags?post=7007"}],"curies":[{"name":"wp","href":"https:\/\/api.w.org\/{rel}","templated":true}]}}