{"id":698,"date":"2011-11-29T14:45:42","date_gmt":"2011-11-29T14:45:42","guid":{"rendered":"http:\/\/joanardevol.org\/info\/?p=698"},"modified":"2011-11-29T14:45:42","modified_gmt":"2011-11-29T14:45:42","slug":"volcans-i-erupcions","status":"publish","type":"post","link":"https:\/\/agora.xtec.cat\/escjoanardevol\/general\/volcans-i-erupcions\/","title":{"rendered":"Volcans i erupcions."},"content":{"rendered":"<p>Els alumnes de cinqu\u00e8 hem treballat els agents geol\u00f2gics interns i per a entendre-ho millor, hem constru\u00eft unes maquetes de volcans incre\u00efbles.<br \/>\nA classe, els vam fer erupcionar utilitzant vinagre i bicarbonat.<br \/>\nVa ser una activitat divertida i molt interessant.<\/p>\n<p style=\"text-align: left;\"><a href=\"..\/wp-content\/uploads\/2011\/11\/fotos-escola-017.jpg\"><br \/>\n<\/a><\/p>\n","protected":false},"excerpt":{"rendered":"<p>Els alumnes de cinqu\u00e8 hem treballat els agents geol\u00f2gics interns i per a entendre-ho millor, hem constru\u00eft unes maquetes de volcans incre\u00efbles.<br \/>\nA classe, els vam fer erupcionar utilitzant vinagre i bicarbonat.<br \/>\nVa ser una activitat divertida i molt interessant.<br \/>\n<a href=\"..\/wp-content\/uploads\/2011\/11\/fotos-escola-017.jpg\"><br \/>\n<\/a><\/p>\n","protected":false},"author":1,"featured_media":0,"comment_status":"open","ping_status":"open","sticky":false,"template":"","format":"standard","meta":{"_bbp_topic_count":0,"_bbp_reply_count":0,"_bbp_total_topic_count":0,"_bbp_total_reply_count":0,"_bbp_voice_count":0,"_bbp_anonymous_reply_count":0,"_bbp_topic_count_hidden":0,"_bbp_reply_count_hidden":0,"_bbp_forum_subforum_count":0,"footnotes":""},"categories":[14,1],"tags":[65,82,140,189],"class_list":["post-698","post","type-post","status-publish","format-standard","hentry","category-5e","category-general","tag-aula","tag-cinque","tag-medi","tag-volcans"],"post_mailing_queue_ids":[],"_links":{"self":[{"href":"https:\/\/agora.xtec.cat\/escjoanardevol\/wp-json\/wp\/v2\/posts\/698","targetHints":{"allow":["GET"]}}],"collection":[{"href":"https:\/\/agora.xtec.cat\/escjoanardevol\/wp-json\/wp\/v2\/posts"}],"about":[{"href":"https:\/\/agora.xtec.cat\/escjoanardevol\/wp-json\/wp\/v2\/types\/post"}],"author":[{"embeddable":true,"href":"https:\/\/agora.xtec.cat\/escjoanardevol\/wp-json\/wp\/v2\/users\/1"}],"replies":[{"embeddable":true,"href":"https:\/\/agora.xtec.cat\/escjoanardevol\/wp-json\/wp\/v2\/comments?post=698"}],"version-history":[{"count":0,"href":"https:\/\/agora.xtec.cat\/escjoanardevol\/wp-json\/wp\/v2\/posts\/698\/revisions"}],"wp:attachment":[{"href":"https:\/\/agora.xtec.cat\/escjoanardevol\/wp-json\/wp\/v2\/media?parent=698"}],"wp:term":[{"taxonomy":"category","embeddable":true,"href":"https:\/\/agora.xtec.cat\/escjoanardevol\/wp-json\/wp\/v2\/categories?post=698"},{"taxonomy":"post_tag","embeddable":true,"href":"https:\/\/agora.xtec.cat\/escjoanardevol\/wp-json\/wp\/v2\/tags?post=698"}],"curies":[{"name":"wp","href":"https:\/\/api.w.org\/{rel}","templated":true}]}}