{"id":6969,"date":"2020-04-21T17:55:54","date_gmt":"2020-04-21T15:55:54","guid":{"rendered":"http:\/\/agora.xtec.cat\/escjoanardevol\/?p=6969"},"modified":"2020-04-21T17:55:54","modified_gmt":"2020-04-21T15:55:54","slug":"els-contes-per-la-fada-flor","status":"publish","type":"post","link":"https:\/\/agora.xtec.cat\/escjoanardevol\/infantil\/els-contes-per-la-fada-flor\/","title":{"rendered":"Els contes per la Fada Flor"},"content":{"rendered":"<p>Hola, nenes i nens!<br \/>\nMoltes gr\u00e0cies pels vostres contes! No sabeu la il\u00b7lusi\u00f3 que m&#8217;han fet! Els he vist tots, tots i tots i m&#8217;ho he passat molt b\u00e9! He plorat i tot d&#8217;alegria! Ara me&#8217;ls tornar\u00e9 a veure amb les meves amigues i els meus amics, les fades i els follets del Bosc de les Paraules. No em canso de veure-us. Les hist\u00f2ries, les maneres tan imaginatives d&#8217;explicar-les, el vostre esfor\u00e7 i creativitat&#8230; Ha estat meravell\u00f3s! Gr\u00e0cies, gr\u00e0cies, gr\u00e0cies una altra vegada!<br \/>\nEspero que ens tornarem a veure molt molt aviat. Petons i abra\u00e7ades virtuals, estimades i estimats meus! Ara, la biblioteca de l&#8217;escola ja torna a estar plena amb la vostra pres\u00e8ncia, les vostres paraules, el vostre afecte, el vostre calor&#8230; Em sento molt acompanyada gr\u00e0cies a vosaltres!<br \/>\nUi! Marxo corrent per tornar a veure el v\u00eddeo dels vostres contes!<\/p>\n<p><a href=\"https:\/\/drive.google.com\/open?id=1QcGFCSklYY3RA2JtygqUHAqhmDlTrhTM\" target=\"_blank\" rel=\"noopener noreferrer\"><img loading=\"lazy\" decoding=\"async\" class=\"alignleft wp-image-6970\" src=\"https:\/\/agora.xtec.cat\/escjoanardevol\/wp-content\/uploads\/usu550\/2020\/04\/unamadecontes.jpg\" alt=\"\" width=\"500\" height=\"312\" srcset=\"https:\/\/agora.xtec.cat\/escjoanardevol\/wp-content\/uploads\/usu550\/2020\/04\/unamadecontes.jpg 590w, https:\/\/agora.xtec.cat\/escjoanardevol\/wp-content\/uploads\/usu550\/2020\/04\/unamadecontes-300x187.jpg 300w\" sizes=\"auto, (max-width: 500px) 100vw, 500px\" \/><\/a><\/p>\n","protected":false},"excerpt":{"rendered":"<p>Hola, nenes i nens!<br \/>\nMoltes gr\u00e0cies pels vostres contes! No sabeu la il\u00b7lusi\u00f3 que m&#8217;han fet! Els he vist tots, tots i tots i m&#8217;ho he passat molt b\u00e9! He plorat i tot d&#8217;alegria! Ara me&#8217;ls tornar\u00e9 a veure amb les meves amigues i els meus&hellip;  <a href=\"https:\/\/agora.xtec.cat\/escjoanardevol\/infantil\/els-contes-per-la-fada-flor\/\" title=\"Read Els contes per la Fada Flor\">Llegeix m\u00e9s\u00bb<\/a><\/p>\n","protected":false},"author":1,"featured_media":6970,"comment_status":"closed","ping_status":"closed","sticky":false,"template":"","format":"standard","meta":{"_bbp_topic_count":0,"_bbp_reply_count":0,"_bbp_total_topic_count":0,"_bbp_total_reply_count":0,"_bbp_voice_count":0,"_bbp_anonymous_reply_count":0,"_bbp_topic_count_hidden":0,"_bbp_reply_count_hidden":0,"_bbp_forum_subforum_count":0,"footnotes":""},"categories":[2,4,5],"tags":[59,67,92,130,133,182],"class_list":["post-6969","post","type-post","status-publish","format-standard","has-post-thumbnail","hentry","category-infantil","category-portada","category-primaria","tag-activitats","tag-biblioteca","tag-contes","tag-lectura","tag-llibres","tag-treball"],"post_mailing_queue_ids":[],"_links":{"self":[{"href":"https:\/\/agora.xtec.cat\/escjoanardevol\/wp-json\/wp\/v2\/posts\/6969","targetHints":{"allow":["GET"]}}],"collection":[{"href":"https:\/\/agora.xtec.cat\/escjoanardevol\/wp-json\/wp\/v2\/posts"}],"about":[{"href":"https:\/\/agora.xtec.cat\/escjoanardevol\/wp-json\/wp\/v2\/types\/post"}],"author":[{"embeddable":true,"href":"https:\/\/agora.xtec.cat\/escjoanardevol\/wp-json\/wp\/v2\/users\/1"}],"replies":[{"embeddable":true,"href":"https:\/\/agora.xtec.cat\/escjoanardevol\/wp-json\/wp\/v2\/comments?post=6969"}],"version-history":[{"count":1,"href":"https:\/\/agora.xtec.cat\/escjoanardevol\/wp-json\/wp\/v2\/posts\/6969\/revisions"}],"predecessor-version":[{"id":6971,"href":"https:\/\/agora.xtec.cat\/escjoanardevol\/wp-json\/wp\/v2\/posts\/6969\/revisions\/6971"}],"wp:featuredmedia":[{"embeddable":true,"href":"https:\/\/agora.xtec.cat\/escjoanardevol\/wp-json\/wp\/v2\/media\/6970"}],"wp:attachment":[{"href":"https:\/\/agora.xtec.cat\/escjoanardevol\/wp-json\/wp\/v2\/media?parent=6969"}],"wp:term":[{"taxonomy":"category","embeddable":true,"href":"https:\/\/agora.xtec.cat\/escjoanardevol\/wp-json\/wp\/v2\/categories?post=6969"},{"taxonomy":"post_tag","embeddable":true,"href":"https:\/\/agora.xtec.cat\/escjoanardevol\/wp-json\/wp\/v2\/tags?post=6969"}],"curies":[{"name":"wp","href":"https:\/\/api.w.org\/{rel}","templated":true}]}}