{"id":6906,"date":"2020-04-09T14:00:09","date_gmt":"2020-04-09T12:00:09","guid":{"rendered":"http:\/\/agora.xtec.cat\/escjoanardevol\/?p=6906"},"modified":"2020-04-09T22:09:13","modified_gmt":"2020-04-09T20:09:13","slug":"mascaretes-per-tothom","status":"publish","type":"post","link":"https:\/\/agora.xtec.cat\/escjoanardevol\/general\/mascaretes-per-tothom\/","title":{"rendered":"Mascaretes per a tothom!!"},"content":{"rendered":"<p><img loading=\"lazy\" decoding=\"async\" class=\"alignleft size-full wp-image-5461\" src=\"https:\/\/agora.xtec.cat\/escjoanardevol\/wp-content\/uploads\/usu550\/2018\/09\/verdi.jpg\" alt=\"\" width=\"209\" height=\"189\" \/>Hola Ardevolins i Ardevolines, s\u00f3c en Verdi!<\/p>\n<p>Ja sabeu que a causa del COVID19 ens hem de quedar a casa.<br \/>\nEspero que aviat tots puguem sortir al carrer, per\u00f2 hem de ser conscients que caldr\u00e0 anar protegits!<br \/>\nPer aix\u00f2, us faig arribar una idea molt bonica que m\u2019ha enviat la <strong>Siena<\/strong> de 2A.<\/p>\n<p>Ens proposa que fem les nostres pr\u00f2pies mascaretes i per a totes aquelles persones que conviuen amb nosaltres. A m\u00e9s, ens proposa que les pintem ben boniques i originals per alegrar-nos el dia!<\/p>\n<p>Nom\u00e9s necessitem:<br \/>\n&#8211; 1 tros de tela blanca 26 x 22 cm<br \/>\n&#8211; Colors per tela (si no teniu colors, cosir botons, llacets, perletes&#8230;)<br \/>\n&#8211; 2 gometes de 15\u202fcm cada una.<br \/>\n&#8211; Planxar les teles amb din-A4. 3 min. (Papa o mama)<br \/>\n&#8211; Fil i agulla (amb papa o mama)<\/p>\n<p>Enlla\u00e7 aqui \u2b07\ufe0f<br \/>\n<a href=\"https:\/\/youtu.be\/TbydTVsQHxM\" target=\"_blank\" rel=\"noopener noreferrer\">https:\/\/youtu.be\/TbydTVsQHxM<\/a><\/p>\n<table style=\"border-style: none;\" border=\"0\">\n<tbody>\n<tr>\n<td><img loading=\"lazy\" decoding=\"async\" class=\"alignleft wp-image-6908\" style=\"font-size: 16px;\" src=\"https:\/\/agora.xtec.cat\/escjoanardevol\/wp-content\/uploads\/usu550\/2020\/04\/C\u00f2pia-de-4a.jpg\" alt=\"\" width=\"155\" height=\"207\" srcset=\"https:\/\/agora.xtec.cat\/escjoanardevol\/wp-content\/uploads\/usu550\/2020\/04\/C\u00f2pia-de-4a.jpg 408w, https:\/\/agora.xtec.cat\/escjoanardevol\/wp-content\/uploads\/usu550\/2020\/04\/C\u00f2pia-de-4a-225x300.jpg 225w\" sizes=\"auto, (max-width: 155px) 100vw, 155px\" \/><\/td>\n<td><img loading=\"lazy\" decoding=\"async\" class=\"alignleft wp-image-6909 size-medium\" src=\"https:\/\/agora.xtec.cat\/escjoanardevol\/wp-content\/uploads\/usu550\/2020\/04\/C\u00f2pia-de-2a-300x169.jpg\" alt=\"\" width=\"300\" height=\"169\" srcset=\"https:\/\/agora.xtec.cat\/escjoanardevol\/wp-content\/uploads\/usu550\/2020\/04\/C\u00f2pia-de-2a-300x169.jpg 300w, https:\/\/agora.xtec.cat\/escjoanardevol\/wp-content\/uploads\/usu550\/2020\/04\/C\u00f2pia-de-2a.jpg 691w\" sizes=\"auto, (max-width: 300px) 100vw, 300px\" \/><\/td>\n<\/tr>\n<tr>\n<td><img loading=\"lazy\" decoding=\"async\" class=\"alignleft wp-image-6911\" src=\"https:\/\/agora.xtec.cat\/escjoanardevol\/wp-content\/uploads\/usu550\/2020\/04\/C\u00f2pia-de-3a.jpg\" alt=\"\" width=\"155\" height=\"155\" srcset=\"https:\/\/agora.xtec.cat\/escjoanardevol\/wp-content\/uploads\/usu550\/2020\/04\/C\u00f2pia-de-3a.jpg 614w, https:\/\/agora.xtec.cat\/escjoanardevol\/wp-content\/uploads\/usu550\/2020\/04\/C\u00f2pia-de-3a-150x150.jpg 150w, https:\/\/agora.xtec.cat\/escjoanardevol\/wp-content\/uploads\/usu550\/2020\/04\/C\u00f2pia-de-3a-300x300.jpg 300w\" sizes=\"auto, (max-width: 155px) 100vw, 155px\" \/><\/td>\n<td><img loading=\"lazy\" decoding=\"async\" class=\"alignleft wp-image-6910 size-medium\" src=\"https:\/\/agora.xtec.cat\/escjoanardevol\/wp-content\/uploads\/usu550\/2020\/04\/C\u00f2pia-de-1a-300x169.jpg\" alt=\"\" width=\"300\" height=\"169\" srcset=\"https:\/\/agora.xtec.cat\/escjoanardevol\/wp-content\/uploads\/usu550\/2020\/04\/C\u00f2pia-de-1a-300x169.jpg 300w, https:\/\/agora.xtec.cat\/escjoanardevol\/wp-content\/uploads\/usu550\/2020\/04\/C\u00f2pia-de-1a-768x432.jpg 768w, https:\/\/agora.xtec.cat\/escjoanardevol\/wp-content\/uploads\/usu550\/2020\/04\/C\u00f2pia-de-1a.jpg 864w\" sizes=\"auto, (max-width: 300px) 100vw, 300px\" \/><\/td>\n<\/tr>\n<\/tbody>\n<\/table>\n<p>En podeu fer les que vulgueu: una per cada dia de la setmana, per a tots els membres de la fam\u00edlia, per aquelles persones que coneixes i que les puguin necessitar\u2026.<br \/>\nI si voleu compartir les vostres fotos, podeu enviar-les al meu correu: <a href=\"mailto:escolaverda@joanardevol.org\">escolaverda@joanardevol.org<\/a><\/p>\n<p>Molt\u00edssimes gr\u00e0cies fam\u00edlies! Junts fem que amb petits canvis, canviem el m\u00f3n!<\/p>\n","protected":false},"excerpt":{"rendered":"<p>Hola Ardevolins i Ardevolines, s\u00f3c en Verdi!<br \/>\nJa sabeu que a causa del COVID19 ens hem de quedar a casa.<br \/>\nEspero que aviat tots puguem sortir al carrer, per\u00f2 hem de ser conscients que caldr\u00e0 anar protegits!<br \/>\nPer aix\u00f2, us faig arribar una idea molt bonica que m\u2019ha&hellip;  <a href=\"https:\/\/agora.xtec.cat\/escjoanardevol\/general\/mascaretes-per-tothom\/\" title=\"Read Mascaretes per a tothom!!\">Llegeix m\u00e9s\u00bb<\/a><\/p>\n","protected":false},"author":1,"featured_media":6910,"comment_status":"closed","ping_status":"closed","sticky":false,"template":"","format":"standard","meta":{"_bbp_topic_count":0,"_bbp_reply_count":0,"_bbp_total_topic_count":0,"_bbp_total_reply_count":0,"_bbp_voice_count":0,"_bbp_anonymous_reply_count":0,"_bbp_topic_count_hidden":0,"_bbp_reply_count_hidden":0,"_bbp_forum_subforum_count":0,"footnotes":""},"categories":[206,1,2,4,5],"tags":[],"class_list":["post-6906","post","type-post","status-publish","format-standard","has-post-thumbnail","hentry","category-verda","category-general","category-infantil","category-portada","category-primaria"],"post_mailing_queue_ids":[],"_links":{"self":[{"href":"https:\/\/agora.xtec.cat\/escjoanardevol\/wp-json\/wp\/v2\/posts\/6906","targetHints":{"allow":["GET"]}}],"collection":[{"href":"https:\/\/agora.xtec.cat\/escjoanardevol\/wp-json\/wp\/v2\/posts"}],"about":[{"href":"https:\/\/agora.xtec.cat\/escjoanardevol\/wp-json\/wp\/v2\/types\/post"}],"author":[{"embeddable":true,"href":"https:\/\/agora.xtec.cat\/escjoanardevol\/wp-json\/wp\/v2\/users\/1"}],"replies":[{"embeddable":true,"href":"https:\/\/agora.xtec.cat\/escjoanardevol\/wp-json\/wp\/v2\/comments?post=6906"}],"version-history":[{"count":4,"href":"https:\/\/agora.xtec.cat\/escjoanardevol\/wp-json\/wp\/v2\/posts\/6906\/revisions"}],"predecessor-version":[{"id":6920,"href":"https:\/\/agora.xtec.cat\/escjoanardevol\/wp-json\/wp\/v2\/posts\/6906\/revisions\/6920"}],"wp:featuredmedia":[{"embeddable":true,"href":"https:\/\/agora.xtec.cat\/escjoanardevol\/wp-json\/wp\/v2\/media\/6910"}],"wp:attachment":[{"href":"https:\/\/agora.xtec.cat\/escjoanardevol\/wp-json\/wp\/v2\/media?parent=6906"}],"wp:term":[{"taxonomy":"category","embeddable":true,"href":"https:\/\/agora.xtec.cat\/escjoanardevol\/wp-json\/wp\/v2\/categories?post=6906"},{"taxonomy":"post_tag","embeddable":true,"href":"https:\/\/agora.xtec.cat\/escjoanardevol\/wp-json\/wp\/v2\/tags?post=6906"}],"curies":[{"name":"wp","href":"https:\/\/api.w.org\/{rel}","templated":true}]}}