{"id":6897,"date":"2020-04-08T14:30:17","date_gmt":"2020-04-08T12:30:17","guid":{"rendered":"http:\/\/agora.xtec.cat\/escjoanardevol\/?p=6897"},"modified":"2020-04-09T22:48:55","modified_gmt":"2020-04-09T20:48:55","slug":"contes-per-la-fada-flor","status":"publish","type":"post","link":"https:\/\/agora.xtec.cat\/escjoanardevol\/infantil\/contes-per-la-fada-flor\/","title":{"rendered":"Contes per a la Fada Flor"},"content":{"rendered":"<p>H<img loading=\"lazy\" decoding=\"async\" class=\"alignleft wp-image-6900\" src=\"https:\/\/agora.xtec.cat\/escjoanardevol\/wp-content\/uploads\/usu550\/2020\/04\/fada-Flor-pintadaPETITA2.png\" alt=\"\" width=\"144\" height=\"178\" srcset=\"https:\/\/agora.xtec.cat\/escjoanardevol\/wp-content\/uploads\/usu550\/2020\/04\/fada-Flor-pintadaPETITA2.png 538w, https:\/\/agora.xtec.cat\/escjoanardevol\/wp-content\/uploads\/usu550\/2020\/04\/fada-Flor-pintadaPETITA2-243x300.png 243w\" sizes=\"auto, (max-width: 144px) 100vw, 144px\" \/>ola nenes i nens,<\/p>\n<p>No us podeu imaginar com us enyoro!<\/p>\n<p>Com tots vosaltres jo tamb\u00e9 estic confinada al Bosc de les Paraules, la biblioteca de l&#8217;escola. M&#8217;entretinc amb les meves amigues i amics, les fades i els follets, ens expliquem hist\u00f2ries, juguem&#8230; Tamb\u00e9 llegeixo molt, molt. Per\u00f2 no \u00e9s el mateix.<\/p>\n<p>Us trobo molt a faltar i us necessito!<\/p>\n<p>Per aix\u00f2, he pensat que podeu vosaltres explicar-me contes a mi! Com ho podeu fer? Doncs, graveu-vos explicant contes i els envieu al meu correu <a href=\"mailto:biblioteca@joanardevol.org\">biblioteca@joanardevol.org<\/a>.<\/p>\n<p>Sabeu qu\u00e8? Podeu explicar el conte com si fos una obra de teatre, amb disfresses; o fent dibuixos del conte i anar-los ensenyant d&#8217;acord amb el que expliqueu; o amb el llibre on hi ha el conte, com moltes vegades heu fet a la biblioteca&#8230; Com vulgueu! Per\u00f2, si us plau, expliqueu contes, els necessito!<\/p>\n<p>Ah! Una \u00faltima cosa, procureu que la gravaci\u00f3 del conte no duri m\u00e9s de dos minuts, aix\u00ed els podr\u00e9 veure tots.<\/p>\n<p>Moltes gr\u00e0cies, estimades i estimats meus! Espero tenir-los tots per al 15 d&#8217;abril. Que no puc esperar m\u00e9s!<\/p>\n<p>Molts petons.<\/p>\n<p>La vostra amiga,<\/p>\n<p>La Fada Flor.<\/p>\n","protected":false},"excerpt":{"rendered":"<p>Hola nenes i nens,<br \/>\nNo us podeu imaginar com us enyoro!<br \/>\nCom tots vosaltres jo tamb\u00e9 estic confinada al Bosc de les Paraules, la biblioteca de l&#8217;escola. M&#8217;entretinc amb les meves amigues i amics, les fades i els follets, ens expliquem hist\u00f2ries, juguem&#8230; Tamb\u00e9 llegeixo molt, molt.&hellip;  <a href=\"https:\/\/agora.xtec.cat\/escjoanardevol\/infantil\/contes-per-la-fada-flor\/\" title=\"Read Contes per a la Fada Flor\">Llegeix m\u00e9s\u00bb<\/a><\/p>\n","protected":false},"author":1,"featured_media":6905,"comment_status":"closed","ping_status":"closed","sticky":false,"template":"","format":"standard","meta":{"_bbp_topic_count":0,"_bbp_reply_count":0,"_bbp_total_topic_count":0,"_bbp_total_reply_count":0,"_bbp_voice_count":0,"_bbp_anonymous_reply_count":0,"_bbp_topic_count_hidden":0,"_bbp_reply_count_hidden":0,"_bbp_forum_subforum_count":0,"footnotes":""},"categories":[2,4,5],"tags":[67,75,76,77,92,94,103,130,133],"class_list":["post-6897","post","type-post","status-publish","format-standard","has-post-thumbnail","hentry","category-infantil","category-portada","category-primaria","tag-biblioteca","tag-cicle-inicial","tag-cicle-mitja","tag-cicle-superior-2","tag-contes","tag-cooperacio","tag-educacio-infantil","tag-lectura","tag-llibres"],"post_mailing_queue_ids":[],"_links":{"self":[{"href":"https:\/\/agora.xtec.cat\/escjoanardevol\/wp-json\/wp\/v2\/posts\/6897","targetHints":{"allow":["GET"]}}],"collection":[{"href":"https:\/\/agora.xtec.cat\/escjoanardevol\/wp-json\/wp\/v2\/posts"}],"about":[{"href":"https:\/\/agora.xtec.cat\/escjoanardevol\/wp-json\/wp\/v2\/types\/post"}],"author":[{"embeddable":true,"href":"https:\/\/agora.xtec.cat\/escjoanardevol\/wp-json\/wp\/v2\/users\/1"}],"replies":[{"embeddable":true,"href":"https:\/\/agora.xtec.cat\/escjoanardevol\/wp-json\/wp\/v2\/comments?post=6897"}],"version-history":[{"count":3,"href":"https:\/\/agora.xtec.cat\/escjoanardevol\/wp-json\/wp\/v2\/posts\/6897\/revisions"}],"predecessor-version":[{"id":6921,"href":"https:\/\/agora.xtec.cat\/escjoanardevol\/wp-json\/wp\/v2\/posts\/6897\/revisions\/6921"}],"wp:featuredmedia":[{"embeddable":true,"href":"https:\/\/agora.xtec.cat\/escjoanardevol\/wp-json\/wp\/v2\/media\/6905"}],"wp:attachment":[{"href":"https:\/\/agora.xtec.cat\/escjoanardevol\/wp-json\/wp\/v2\/media?parent=6897"}],"wp:term":[{"taxonomy":"category","embeddable":true,"href":"https:\/\/agora.xtec.cat\/escjoanardevol\/wp-json\/wp\/v2\/categories?post=6897"},{"taxonomy":"post_tag","embeddable":true,"href":"https:\/\/agora.xtec.cat\/escjoanardevol\/wp-json\/wp\/v2\/tags?post=6897"}],"curies":[{"name":"wp","href":"https:\/\/api.w.org\/{rel}","templated":true}]}}