{"id":6475,"date":"2020-02-27T10:28:47","date_gmt":"2020-02-27T09:28:47","guid":{"rendered":"http:\/\/agora.xtec.cat\/escjoanardevol\/?p=6475"},"modified":"2020-02-27T10:28:47","modified_gmt":"2020-02-27T09:28:47","slug":"esmorzars-saludables-i-embolcalls-reutilitzables","status":"publish","type":"post","link":"https:\/\/agora.xtec.cat\/escjoanardevol\/infantil\/esmorzars-saludables-i-embolcalls-reutilitzables\/","title":{"rendered":"Esmorzars saludables i embolcalls reutilitzables"},"content":{"rendered":"<p>L\u2019escola ha rebut un diploma d\u2019agra\u00efment en la participaci\u00f3 a la Setmana Europea de Reducci\u00f3 de Residus que es va dur a terme del 16 al 24 de novembre del 2019.<br \/>\nEn aquest sentit seguim treballant i, per aix\u00f2, la comissi\u00f3 d\u2019escola verda del centre participa en l\u2019organitzaci\u00f3 de l\u2019acci\u00f3 conjunta que s\u2019est\u00e0 preparant a nivell municipal, vinculada al projecte \u201cMicroplastic watchers\u201d, que es dur\u00e0 a terme el mes de juny.<br \/>\nParal\u00b7lelament el centre realitzar\u00e0 tasques de conscienciaci\u00f3 sobre la problem\u00e0tica dels pl\u00e0stics de la m\u00e0 dels Ardegreens. Aix\u00ed doncs previ a una diagnosi per veure les necessitats continuarem amb la campanya \u201cEsmorzars saludables i embolcalls reutilitzables\u201d.<\/p>\n<p><img loading=\"lazy\" decoding=\"async\" class=\"alignleft wp-image-6477\" src=\"https:\/\/agora.xtec.cat\/escjoanardevol\/wp-content\/uploads\/usu550\/2020\/02\/escolaverdadiploma1920.jpg\" alt=\"\" width=\"500\" height=\"349\" srcset=\"https:\/\/agora.xtec.cat\/escjoanardevol\/wp-content\/uploads\/usu550\/2020\/02\/escolaverdadiploma1920.jpg 782w, https:\/\/agora.xtec.cat\/escjoanardevol\/wp-content\/uploads\/usu550\/2020\/02\/escolaverdadiploma1920-300x209.jpg 300w, https:\/\/agora.xtec.cat\/escjoanardevol\/wp-content\/uploads\/usu550\/2020\/02\/escolaverdadiploma1920-768x536.jpg 768w\" sizes=\"auto, (max-width: 500px) 100vw, 500px\" \/><\/p>\n<p><img loading=\"lazy\" decoding=\"async\" class=\"alignleft wp-image-6476\" src=\"https:\/\/agora.xtec.cat\/escjoanardevol\/wp-content\/uploads\/usu550\/2020\/02\/verdis1920-768x1024.jpg\" alt=\"\" width=\"500\" height=\"667\" srcset=\"https:\/\/agora.xtec.cat\/escjoanardevol\/wp-content\/uploads\/usu550\/2020\/02\/verdis1920-768x1024.jpg 768w, https:\/\/agora.xtec.cat\/escjoanardevol\/wp-content\/uploads\/usu550\/2020\/02\/verdis1920-225x300.jpg 225w, https:\/\/agora.xtec.cat\/escjoanardevol\/wp-content\/uploads\/usu550\/2020\/02\/verdis1920.jpg 1200w\" sizes=\"auto, (max-width: 500px) 100vw, 500px\" \/><\/p>\n","protected":false},"excerpt":{"rendered":"<p>L\u2019escola ha rebut un diploma d\u2019agra\u00efment en la participaci\u00f3 a la Setmana Europea de Reducci\u00f3 de Residus que es va dur a terme del 16 al 24 de novembre del 2019.<br \/>\nEn aquest sentit seguim treballant i, per aix\u00f2, la comissi\u00f3 d\u2019escola verda del centre participa&hellip;  <a href=\"https:\/\/agora.xtec.cat\/escjoanardevol\/infantil\/esmorzars-saludables-i-embolcalls-reutilitzables\/\" title=\"Read Esmorzars saludables i embolcalls reutilitzables\">Llegeix m\u00e9s\u00bb<\/a><\/p>\n","protected":false},"author":1,"featured_media":6476,"comment_status":"closed","ping_status":"closed","sticky":false,"template":"","format":"standard","meta":{"_bbp_topic_count":0,"_bbp_reply_count":0,"_bbp_total_topic_count":0,"_bbp_total_reply_count":0,"_bbp_voice_count":0,"_bbp_anonymous_reply_count":0,"_bbp_topic_count_hidden":0,"_bbp_reply_count_hidden":0,"_bbp_forum_subforum_count":0,"footnotes":""},"categories":[206,2,4,5],"tags":[59,75,76,77,108,140,164,167,182,187],"class_list":["post-6475","post","type-post","status-publish","format-standard","has-post-thumbnail","hentry","category-verda","category-infantil","category-portada","category-primaria","tag-activitats","tag-cicle-inicial","tag-cicle-mitja","tag-cicle-superior-2","tag-escola-verda","tag-medi","tag-reciclatge","tag-salut","tag-treball","tag-valors"],"post_mailing_queue_ids":[],"_links":{"self":[{"href":"https:\/\/agora.xtec.cat\/escjoanardevol\/wp-json\/wp\/v2\/posts\/6475","targetHints":{"allow":["GET"]}}],"collection":[{"href":"https:\/\/agora.xtec.cat\/escjoanardevol\/wp-json\/wp\/v2\/posts"}],"about":[{"href":"https:\/\/agora.xtec.cat\/escjoanardevol\/wp-json\/wp\/v2\/types\/post"}],"author":[{"embeddable":true,"href":"https:\/\/agora.xtec.cat\/escjoanardevol\/wp-json\/wp\/v2\/users\/1"}],"replies":[{"embeddable":true,"href":"https:\/\/agora.xtec.cat\/escjoanardevol\/wp-json\/wp\/v2\/comments?post=6475"}],"version-history":[{"count":1,"href":"https:\/\/agora.xtec.cat\/escjoanardevol\/wp-json\/wp\/v2\/posts\/6475\/revisions"}],"predecessor-version":[{"id":6478,"href":"https:\/\/agora.xtec.cat\/escjoanardevol\/wp-json\/wp\/v2\/posts\/6475\/revisions\/6478"}],"wp:featuredmedia":[{"embeddable":true,"href":"https:\/\/agora.xtec.cat\/escjoanardevol\/wp-json\/wp\/v2\/media\/6476"}],"wp:attachment":[{"href":"https:\/\/agora.xtec.cat\/escjoanardevol\/wp-json\/wp\/v2\/media?parent=6475"}],"wp:term":[{"taxonomy":"category","embeddable":true,"href":"https:\/\/agora.xtec.cat\/escjoanardevol\/wp-json\/wp\/v2\/categories?post=6475"},{"taxonomy":"post_tag","embeddable":true,"href":"https:\/\/agora.xtec.cat\/escjoanardevol\/wp-json\/wp\/v2\/tags?post=6475"}],"curies":[{"name":"wp","href":"https:\/\/api.w.org\/{rel}","templated":true}]}}