{"id":6447,"date":"2020-02-12T10:06:33","date_gmt":"2020-02-12T09:06:33","guid":{"rendered":"http:\/\/agora.xtec.cat\/escjoanardevol\/?p=6447"},"modified":"2020-02-15T09:54:50","modified_gmt":"2020-02-15T08:54:50","slug":"ak-been-ong-per-leducacio-al-senegal","status":"publish","type":"post","link":"https:\/\/agora.xtec.cat\/escjoanardevol\/portada\/ak-been-ong-per-leducacio-al-senegal\/","title":{"rendered":"AK Benn, ONG per l&#8217;educaci\u00f3 al Senegal"},"content":{"rendered":"<p>El dilluns dos voluntaris de l\u2019associaci\u00f3 AK BENN, van venir a l\u2019escola a explicar-nos als alumnes de 4rt com viuen els nens i nenes al Senegal, un pa\u00eds de l\u2019\u00c0frica. All\u00e0 viuen molt molt diferent d\u2019aqu\u00ed. Les escoles s\u00f3n nom\u00e9s una aula, on els que saben m\u00e9s ensenyen als altres. No tenen ni patis, ni gimn\u00e0s, ni aula d\u2019inform\u00e0tica, ni pissarres digitals, ni laboratori, ni aula de m\u00fasica&#8230;<br \/>\nDespr\u00e9s vam fer un joc de l\u2019oca, on les proves s\u00f3n reptes per sobreviure i fer un pa\u00eds millor, sobre una safata de cartr\u00f3. La vam decorar amb robes d\u2019estampats del Senegal i ens van regalar les fitxes que eren llavors de fruits africans.<br \/>\nAl pati cobert hi ha una exposici\u00f3 sobre la feina que fa aquesta ONG al Senegal.<\/p>\n<p><a href=\"https:\/\/photos.app.goo.gl\/XqwUkcKYxfKbTGsy5\" target=\"_blank\" rel=\"noopener noreferrer\"><img loading=\"lazy\" decoding=\"async\" class=\"alignleft wp-image-6448\" src=\"https:\/\/agora.xtec.cat\/escjoanardevol\/wp-content\/uploads\/usu550\/2020\/02\/IMG-20200212-WA0013-1024x768.jpg\" alt=\"\" width=\"500\" height=\"375\" srcset=\"https:\/\/agora.xtec.cat\/escjoanardevol\/wp-content\/uploads\/usu550\/2020\/02\/IMG-20200212-WA0013.jpg 1024w, https:\/\/agora.xtec.cat\/escjoanardevol\/wp-content\/uploads\/usu550\/2020\/02\/IMG-20200212-WA0013-300x225.jpg 300w, https:\/\/agora.xtec.cat\/escjoanardevol\/wp-content\/uploads\/usu550\/2020\/02\/IMG-20200212-WA0013-768x576.jpg 768w, https:\/\/agora.xtec.cat\/escjoanardevol\/wp-content\/uploads\/usu550\/2020\/02\/IMG-20200212-WA0013-200x150.jpg 200w\" sizes=\"auto, (max-width: 500px) 100vw, 500px\" \/><\/a><\/p>\n","protected":false},"excerpt":{"rendered":"<p>El dilluns dos voluntaris de l\u2019associaci\u00f3 AK BENN, van venir a l\u2019escola a explicar-nos als alumnes de 4rt com viuen els nens i nenes al Senegal, un pa\u00eds de l\u2019\u00c0frica. All\u00e0 viuen molt molt diferent d\u2019aqu\u00ed. Les escoles s\u00f3n nom\u00e9s una aula, on els que&hellip;  <a href=\"https:\/\/agora.xtec.cat\/escjoanardevol\/portada\/ak-been-ong-per-leducacio-al-senegal\/\" title=\"Read AK Benn, ONG per l&#8217;educaci\u00f3 al Senegal\">Llegeix m\u00e9s\u00bb<\/a><\/p>\n","protected":false},"author":1,"featured_media":6448,"comment_status":"closed","ping_status":"closed","sticky":false,"template":"","format":"standard","meta":{"_bbp_topic_count":0,"_bbp_reply_count":0,"_bbp_total_topic_count":0,"_bbp_total_reply_count":0,"_bbp_voice_count":0,"_bbp_anonymous_reply_count":0,"_bbp_topic_count_hidden":0,"_bbp_reply_count_hidden":0,"_bbp_forum_subforum_count":0,"footnotes":""},"categories":[13,4,5],"tags":[59,76,93,94,182,187],"class_list":["post-6447","post","type-post","status-publish","format-standard","has-post-thumbnail","hentry","category-4t","category-portada","category-primaria","tag-activitats","tag-cicle-mitja","tag-convivencia","tag-cooperacio","tag-treball","tag-valors"],"post_mailing_queue_ids":[],"_links":{"self":[{"href":"https:\/\/agora.xtec.cat\/escjoanardevol\/wp-json\/wp\/v2\/posts\/6447","targetHints":{"allow":["GET"]}}],"collection":[{"href":"https:\/\/agora.xtec.cat\/escjoanardevol\/wp-json\/wp\/v2\/posts"}],"about":[{"href":"https:\/\/agora.xtec.cat\/escjoanardevol\/wp-json\/wp\/v2\/types\/post"}],"author":[{"embeddable":true,"href":"https:\/\/agora.xtec.cat\/escjoanardevol\/wp-json\/wp\/v2\/users\/1"}],"replies":[{"embeddable":true,"href":"https:\/\/agora.xtec.cat\/escjoanardevol\/wp-json\/wp\/v2\/comments?post=6447"}],"version-history":[{"count":2,"href":"https:\/\/agora.xtec.cat\/escjoanardevol\/wp-json\/wp\/v2\/posts\/6447\/revisions"}],"predecessor-version":[{"id":6450,"href":"https:\/\/agora.xtec.cat\/escjoanardevol\/wp-json\/wp\/v2\/posts\/6447\/revisions\/6450"}],"wp:featuredmedia":[{"embeddable":true,"href":"https:\/\/agora.xtec.cat\/escjoanardevol\/wp-json\/wp\/v2\/media\/6448"}],"wp:attachment":[{"href":"https:\/\/agora.xtec.cat\/escjoanardevol\/wp-json\/wp\/v2\/media?parent=6447"}],"wp:term":[{"taxonomy":"category","embeddable":true,"href":"https:\/\/agora.xtec.cat\/escjoanardevol\/wp-json\/wp\/v2\/categories?post=6447"},{"taxonomy":"post_tag","embeddable":true,"href":"https:\/\/agora.xtec.cat\/escjoanardevol\/wp-json\/wp\/v2\/tags?post=6447"}],"curies":[{"name":"wp","href":"https:\/\/api.w.org\/{rel}","templated":true}]}}