{"id":6443,"date":"2020-02-10T20:02:44","date_gmt":"2020-02-10T19:02:44","guid":{"rendered":"http:\/\/agora.xtec.cat\/escjoanardevol\/?p=6443"},"modified":"2020-02-10T20:05:23","modified_gmt":"2020-02-10T19:05:23","slug":"erasmus-viatge-a-la-republica-txeca","status":"publish","type":"post","link":"https:\/\/agora.xtec.cat\/escjoanardevol\/portada\/erasmus-viatge-a-la-republica-txeca\/","title":{"rendered":"ERASMUS+: Viatge a la Rep\u00fablica Txeca"},"content":{"rendered":"<p>La nostra escola s&#8217;ha estrenat enguany amb un nou projecte molt engrescador: el projecte Erasmus+. Aquest projecte, en la modalitat KA229, implica l&#8217;intercanvi d&#8217;experi\u00e8ncies educatives amb altres centres d&#8217;Europa. El projecte el compartim amb centres de: Rep\u00fablica Txeca, It\u00e0lia, Turquia, Regne Unit i nosaltres. La durada \u00e9s de dos cursos i uns quants alumnes de cada centre viatjaran als altres centres de cada pa\u00eds.<\/p>\n<p>Durant la darrera setmana de gener quatre alumnes de 6\u00e8 juntament amb quatre mestres vam anar a la Rep\u00fablica Txeca a visitar l&#8217;escola coordinadora del projecte a la localitat de Horice, al nord de Praga. Vam fer molt\u00edssimes activitats, contactar amb alumnes i mestres d&#8217;altres pa\u00efsos, compartir treball i viv\u00e8ncies. Va ser una experi\u00e8ncia que recomanem a tothom. En acabat, ens van donar un diploma. A la foto, el moment en qu\u00e8 ens el van lliurar.<\/p>\n<p>Hem preparat un v\u00eddeo de dos minuts amb moltes fotos del viatge. Clica damunt la foto:<\/p>\n<p><a href=\"https:\/\/photos.app.goo.gl\/QHVhMAx2SNwSb4u27\" target=\"_blank\" rel=\"noopener noreferrer\"><img loading=\"lazy\" decoding=\"async\" class=\"alignleft wp-image-6444\" src=\"https:\/\/agora.xtec.cat\/escjoanardevol\/wp-content\/uploads\/usu550\/2020\/02\/REPTxeca-1024x497.jpg\" alt=\"\" width=\"500\" height=\"243\" srcset=\"https:\/\/agora.xtec.cat\/escjoanardevol\/wp-content\/uploads\/usu550\/2020\/02\/REPTxeca-1024x497.jpg 1024w, https:\/\/agora.xtec.cat\/escjoanardevol\/wp-content\/uploads\/usu550\/2020\/02\/REPTxeca-300x146.jpg 300w, https:\/\/agora.xtec.cat\/escjoanardevol\/wp-content\/uploads\/usu550\/2020\/02\/REPTxeca-768x373.jpg 768w, https:\/\/agora.xtec.cat\/escjoanardevol\/wp-content\/uploads\/usu550\/2020\/02\/REPTxeca.jpg 1600w\" sizes=\"auto, (max-width: 500px) 100vw, 500px\" \/><\/a><\/p>\n<p>&nbsp;<\/p>\n","protected":false},"excerpt":{"rendered":"<p>La nostra escola s&#8217;ha estrenat enguany amb un nou projecte molt engrescador: el projecte Erasmus+. Aquest projecte, en la modalitat KA229, implica l&#8217;intercanvi d&#8217;experi\u00e8ncies educatives amb altres centres d&#8217;Europa. El projecte el compartim amb centres de: Rep\u00fablica Txeca, It\u00e0lia, Turquia, Regne Unit i nosaltres. La&hellip;  <a href=\"https:\/\/agora.xtec.cat\/escjoanardevol\/portada\/erasmus-viatge-a-la-republica-txeca\/\" title=\"Read ERASMUS+: Viatge a la Rep\u00fablica Txeca\">Llegeix m\u00e9s\u00bb<\/a><\/p>\n","protected":false},"author":1,"featured_media":6444,"comment_status":"closed","ping_status":"closed","sticky":false,"template":"","format":"standard","meta":{"_bbp_topic_count":0,"_bbp_reply_count":0,"_bbp_total_topic_count":0,"_bbp_total_reply_count":0,"_bbp_voice_count":0,"_bbp_anonymous_reply_count":0,"_bbp_topic_count_hidden":0,"_bbp_reply_count_hidden":0,"_bbp_forum_subforum_count":0,"footnotes":""},"categories":[14,15,241,4],"tags":[59,77,93,94,242,16,182,187],"class_list":["post-6443","post","type-post","status-publish","format-standard","has-post-thumbnail","hentry","category-5e","category-6e","category-erasmus","category-portada","tag-activitats","tag-cicle-superior-2","tag-convivencia","tag-cooperacio","tag-erasmus","tag-sortides","tag-treball","tag-valors"],"post_mailing_queue_ids":[],"_links":{"self":[{"href":"https:\/\/agora.xtec.cat\/escjoanardevol\/wp-json\/wp\/v2\/posts\/6443","targetHints":{"allow":["GET"]}}],"collection":[{"href":"https:\/\/agora.xtec.cat\/escjoanardevol\/wp-json\/wp\/v2\/posts"}],"about":[{"href":"https:\/\/agora.xtec.cat\/escjoanardevol\/wp-json\/wp\/v2\/types\/post"}],"author":[{"embeddable":true,"href":"https:\/\/agora.xtec.cat\/escjoanardevol\/wp-json\/wp\/v2\/users\/1"}],"replies":[{"embeddable":true,"href":"https:\/\/agora.xtec.cat\/escjoanardevol\/wp-json\/wp\/v2\/comments?post=6443"}],"version-history":[{"count":2,"href":"https:\/\/agora.xtec.cat\/escjoanardevol\/wp-json\/wp\/v2\/posts\/6443\/revisions"}],"predecessor-version":[{"id":6446,"href":"https:\/\/agora.xtec.cat\/escjoanardevol\/wp-json\/wp\/v2\/posts\/6443\/revisions\/6446"}],"wp:featuredmedia":[{"embeddable":true,"href":"https:\/\/agora.xtec.cat\/escjoanardevol\/wp-json\/wp\/v2\/media\/6444"}],"wp:attachment":[{"href":"https:\/\/agora.xtec.cat\/escjoanardevol\/wp-json\/wp\/v2\/media?parent=6443"}],"wp:term":[{"taxonomy":"category","embeddable":true,"href":"https:\/\/agora.xtec.cat\/escjoanardevol\/wp-json\/wp\/v2\/categories?post=6443"},{"taxonomy":"post_tag","embeddable":true,"href":"https:\/\/agora.xtec.cat\/escjoanardevol\/wp-json\/wp\/v2\/tags?post=6443"}],"curies":[{"name":"wp","href":"https:\/\/api.w.org\/{rel}","templated":true}]}}