{"id":6391,"date":"2020-01-17T16:02:13","date_gmt":"2020-01-17T15:02:13","guid":{"rendered":"http:\/\/agora.xtec.cat\/escjoanardevol\/?p=6391"},"modified":"2020-01-17T16:15:59","modified_gmt":"2020-01-17T15:15:59","slug":"padrins-lectors-3","status":"publish","type":"post","link":"https:\/\/agora.xtec.cat\/escjoanardevol\/general\/padrins-lectors-3\/","title":{"rendered":"Padrins lectors."},"content":{"rendered":"<p>Ahir va comen\u00e7ar, un curs m\u00e9s, l&#8217;activitat &#8220;Padrins lectors&#8221; en la que participen els alumnes de sis\u00e8 (padrins) i els alumnes de primer (fillols). Padrins i fillols es trobaran cada dijous a la tarda per tal de treballar la lectura conjuntament. Amb aquesta activitat es pret\u00e9n, d&#8217;una banda, fomentar l&#8217;h\u00e0bit lector i de l&#8217;altra, treballar aspectes tan importants com el treball en equip, el companyerisme i la responsabilitat personal.<\/p>\n<p>La lectura \u00e9s la base de l&#8217;aprenentatge i el cam\u00ed cap al coneixement i el desenvolupament personal, \u00e9s per aquest motiu que, des de l&#8217;escola, volen fomentar una activitat que millora la compet\u00e8ncia lectora dels nostres alumnes.<\/p>\n<p><a href=\"https:\/\/agora.xtec.cat\/escjoanardevol\/wp-content\/uploads\/usu550\/2020\/01\/Padrins-lectors.jpg\" target=\"_blank\" rel=\"noopener noreferrer\"><img loading=\"lazy\" decoding=\"async\" class=\"alignleft wp-image-6393\" src=\"https:\/\/agora.xtec.cat\/escjoanardevol\/wp-content\/uploads\/usu550\/2020\/01\/Padrins-lectors-1024x768.jpg\" alt=\"\" width=\"400\" height=\"300\" srcset=\"https:\/\/agora.xtec.cat\/escjoanardevol\/wp-content\/uploads\/usu550\/2020\/01\/Padrins-lectors.jpg 1024w, https:\/\/agora.xtec.cat\/escjoanardevol\/wp-content\/uploads\/usu550\/2020\/01\/Padrins-lectors-300x225.jpg 300w, https:\/\/agora.xtec.cat\/escjoanardevol\/wp-content\/uploads\/usu550\/2020\/01\/Padrins-lectors-768x576.jpg 768w, https:\/\/agora.xtec.cat\/escjoanardevol\/wp-content\/uploads\/usu550\/2020\/01\/Padrins-lectors-200x150.jpg 200w\" sizes=\"auto, (max-width: 400px) 100vw, 400px\" \/><\/a><a href=\"https:\/\/agora.xtec.cat\/escjoanardevol\/wp-content\/uploads\/usu550\/2020\/01\/Padrins-lectors-2.jpg\" target=\"_blank\" rel=\"noopener noreferrer\"><img loading=\"lazy\" decoding=\"async\" class=\"alignleft wp-image-6392\" src=\"https:\/\/agora.xtec.cat\/escjoanardevol\/wp-content\/uploads\/usu550\/2020\/01\/Padrins-lectors-2-768x1024.jpg\" alt=\"\" width=\"223\" height=\"298\" \/><\/a><\/p>\n<p>&nbsp;<\/p>\n","protected":false},"excerpt":{"rendered":"<p>Ahir va comen\u00e7ar, un curs m\u00e9s, l&#8217;activitat &#8220;Padrins lectors&#8221; en la que participen els alumnes de sis\u00e8 (padrins) i els alumnes de primer (fillols). Padrins i fillols es trobaran cada dijous a la tarda per tal de treballar la lectura conjuntament. Amb aquesta activitat es&hellip;  <a href=\"https:\/\/agora.xtec.cat\/escjoanardevol\/general\/padrins-lectors-3\/\" title=\"Read Padrins lectors.\">Llegeix m\u00e9s\u00bb<\/a><\/p>\n","protected":false},"author":33,"featured_media":6392,"comment_status":"closed","ping_status":"closed","sticky":false,"template":"","format":"standard","meta":{"_bbp_topic_count":0,"_bbp_reply_count":0,"_bbp_total_topic_count":0,"_bbp_total_reply_count":0,"_bbp_voice_count":0,"_bbp_anonymous_reply_count":0,"_bbp_topic_count_hidden":0,"_bbp_reply_count_hidden":0,"_bbp_forum_subforum_count":0,"footnotes":""},"categories":[10,15,1,4,5],"tags":[59,75,77,94,130,161],"class_list":["post-6391","post","type-post","status-publish","format-standard","has-post-thumbnail","hentry","category-1r","category-6e","category-general","category-portada","category-primaria","tag-activitats","tag-cicle-inicial","tag-cicle-superior-2","tag-cooperacio","tag-lectura","tag-primaria"],"post_mailing_queue_ids":[],"_links":{"self":[{"href":"https:\/\/agora.xtec.cat\/escjoanardevol\/wp-json\/wp\/v2\/posts\/6391","targetHints":{"allow":["GET"]}}],"collection":[{"href":"https:\/\/agora.xtec.cat\/escjoanardevol\/wp-json\/wp\/v2\/posts"}],"about":[{"href":"https:\/\/agora.xtec.cat\/escjoanardevol\/wp-json\/wp\/v2\/types\/post"}],"author":[{"embeddable":true,"href":"https:\/\/agora.xtec.cat\/escjoanardevol\/wp-json\/wp\/v2\/users\/33"}],"replies":[{"embeddable":true,"href":"https:\/\/agora.xtec.cat\/escjoanardevol\/wp-json\/wp\/v2\/comments?post=6391"}],"version-history":[{"count":3,"href":"https:\/\/agora.xtec.cat\/escjoanardevol\/wp-json\/wp\/v2\/posts\/6391\/revisions"}],"predecessor-version":[{"id":6396,"href":"https:\/\/agora.xtec.cat\/escjoanardevol\/wp-json\/wp\/v2\/posts\/6391\/revisions\/6396"}],"wp:featuredmedia":[{"embeddable":true,"href":"https:\/\/agora.xtec.cat\/escjoanardevol\/wp-json\/wp\/v2\/media\/6392"}],"wp:attachment":[{"href":"https:\/\/agora.xtec.cat\/escjoanardevol\/wp-json\/wp\/v2\/media?parent=6391"}],"wp:term":[{"taxonomy":"category","embeddable":true,"href":"https:\/\/agora.xtec.cat\/escjoanardevol\/wp-json\/wp\/v2\/categories?post=6391"},{"taxonomy":"post_tag","embeddable":true,"href":"https:\/\/agora.xtec.cat\/escjoanardevol\/wp-json\/wp\/v2\/tags?post=6391"}],"curies":[{"name":"wp","href":"https:\/\/api.w.org\/{rel}","templated":true}]}}