{"id":6386,"date":"2020-01-15T22:47:58","date_gmt":"2020-01-15T21:47:58","guid":{"rendered":"http:\/\/agora.xtec.cat\/escjoanardevol\/?p=6386"},"modified":"2020-01-15T22:47:58","modified_gmt":"2020-01-15T21:47:58","slug":"ajuts-de-desplacament-a-centres-escolar-deducacio-infantil-i-primaria","status":"publish","type":"post","link":"https:\/\/agora.xtec.cat\/escjoanardevol\/portada\/ajuts-de-desplacament-a-centres-escolar-deducacio-infantil-i-primaria\/","title":{"rendered":"AJUTS DE DESPLA\u00c7AMENT A CENTRES ESCOLAR D\u2019EDUCACI\u00d3 INFANTIL I PRIM\u00c0RIA"},"content":{"rendered":"<p>El Consell Comarcal del Baix Camp ha obert el termini per sol\u00b7licitar els Ajuts individuals de despla\u00e7ament per al curs 2019-2020.<br \/>\nEn els enlla\u00e7os podeu trobar la sol\u00b7licitud i les bases on s\u2019indiquen els destinataris, els criteris de prioritzaci\u00f3 i la documentaci\u00f3 necess\u00e0ria:<\/p>\n<p><a href=\"http:\/\/agora.xtec.cat\/escjoanardevol\/bases-beques-transport-escola-2\/\" target=\"_blank\" rel=\"noopener noreferrer\">BASES AJUTS DE DESPLA\u00c7AMENT<\/a><br \/>\n<a href=\"http:\/\/agora.xtec.cat\/escjoanardevol\/aid_19-20_sol-licitud\/\" target=\"_blank\" rel=\"noopener noreferrer\">SOL\u00b7LICITUD D&#8217;AJUT DE DESPLA\u00c7AMENT<\/a><\/p>\n<p>Cal presentar la sol\u00b7licitud i la documentaci\u00f3 obligat\u00f2ria a la secretaria del centre abans del 21 de febrer de 2020.<\/p>\n<p><img loading=\"lazy\" decoding=\"async\" class=\"alignleft wp-image-6387\" src=\"https:\/\/agora.xtec.cat\/escjoanardevol\/wp-content\/uploads\/usu550\/2020\/01\/autobus-transport.jpg\" alt=\"\" width=\"500\" height=\"321\" srcset=\"https:\/\/agora.xtec.cat\/escjoanardevol\/wp-content\/uploads\/usu550\/2020\/01\/autobus-transport.jpg 649w, https:\/\/agora.xtec.cat\/escjoanardevol\/wp-content\/uploads\/usu550\/2020\/01\/autobus-transport-300x193.jpg 300w\" sizes=\"auto, (max-width: 500px) 100vw, 500px\" \/><\/p>\n","protected":false},"excerpt":{"rendered":"<p>El Consell Comarcal del Baix Camp ha obert el termini per sol\u00b7licitar els Ajuts individuals de despla\u00e7ament per al curs 2019-2020.<br \/>\nEn els enlla\u00e7os podeu trobar la sol\u00b7licitud i les bases on s\u2019indiquen els destinataris, els criteris de prioritzaci\u00f3 i la documentaci\u00f3 necess\u00e0ria:<br \/>\n<a href=\"http:\/\/agora.xtec.cat\/escjoanardevol\/bases-beques-transport-escola-2\/\" target=\"_blank\" rel=\"noopener&hellip;  <a href=\"https:\/\/agora.xtec.cat\/escjoanardevol\/portada\/ajuts-de-desplacament-a-centres-escolar-deducacio-infantil-i-primaria\/\" title=\"Read AJUTS DE DESPLA\u00c7AMENT A CENTRES ESCOLAR D\u2019EDUCACI\u00d3 INFANTIL I PRIM\u00c0RIA\">Llegeix m\u00e9s\u00bb<\/a><\/p>\n","protected":false},"author":1,"featured_media":6387,"comment_status":"closed","ping_status":"closed","sticky":false,"template":"","format":"standard","meta":{"_bbp_topic_count":0,"_bbp_reply_count":0,"_bbp_total_topic_count":0,"_bbp_total_reply_count":0,"_bbp_voice_count":0,"_bbp_anonymous_reply_count":0,"_bbp_topic_count_hidden":0,"_bbp_reply_count_hidden":0,"_bbp_forum_subforum_count":0,"footnotes":""},"categories":[4],"tags":[61,66],"class_list":["post-6386","post","type-post","status-publish","format-standard","has-post-thumbnail","hentry","category-portada","tag-ajuts","tag-beques"],"post_mailing_queue_ids":[],"_links":{"self":[{"href":"https:\/\/agora.xtec.cat\/escjoanardevol\/wp-json\/wp\/v2\/posts\/6386","targetHints":{"allow":["GET"]}}],"collection":[{"href":"https:\/\/agora.xtec.cat\/escjoanardevol\/wp-json\/wp\/v2\/posts"}],"about":[{"href":"https:\/\/agora.xtec.cat\/escjoanardevol\/wp-json\/wp\/v2\/types\/post"}],"author":[{"embeddable":true,"href":"https:\/\/agora.xtec.cat\/escjoanardevol\/wp-json\/wp\/v2\/users\/1"}],"replies":[{"embeddable":true,"href":"https:\/\/agora.xtec.cat\/escjoanardevol\/wp-json\/wp\/v2\/comments?post=6386"}],"version-history":[{"count":1,"href":"https:\/\/agora.xtec.cat\/escjoanardevol\/wp-json\/wp\/v2\/posts\/6386\/revisions"}],"predecessor-version":[{"id":6390,"href":"https:\/\/agora.xtec.cat\/escjoanardevol\/wp-json\/wp\/v2\/posts\/6386\/revisions\/6390"}],"wp:featuredmedia":[{"embeddable":true,"href":"https:\/\/agora.xtec.cat\/escjoanardevol\/wp-json\/wp\/v2\/media\/6387"}],"wp:attachment":[{"href":"https:\/\/agora.xtec.cat\/escjoanardevol\/wp-json\/wp\/v2\/media?parent=6386"}],"wp:term":[{"taxonomy":"category","embeddable":true,"href":"https:\/\/agora.xtec.cat\/escjoanardevol\/wp-json\/wp\/v2\/categories?post=6386"},{"taxonomy":"post_tag","embeddable":true,"href":"https:\/\/agora.xtec.cat\/escjoanardevol\/wp-json\/wp\/v2\/tags?post=6386"}],"curies":[{"name":"wp","href":"https:\/\/api.w.org\/{rel}","templated":true}]}}