{"id":6363,"date":"2019-12-17T07:32:26","date_gmt":"2019-12-17T06:32:26","guid":{"rendered":"http:\/\/agora.xtec.cat\/escjoanardevol\/?p=6363"},"modified":"2019-12-18T07:41:05","modified_gmt":"2019-12-18T06:41:05","slug":"jornada-de-convivencia","status":"publish","type":"post","link":"https:\/\/agora.xtec.cat\/escjoanardevol\/infantil\/jornada-de-convivencia\/","title":{"rendered":"Jornada de conviv\u00e8ncia"},"content":{"rendered":"<p>El dijous 12 de desembre durant tot el mat\u00ed, els nens i les nenes de l&#8217;escola vam celebrar una <strong>jornada de conviv\u00e8ncia<\/strong> tots plegats. Els companys i les companyes de sis\u00e8 ens van organitzar i monitoritzar jocs al pati, de taula i manualitats. Vam jugar grans i petits tots junts. Ens ho vam passar genial!!!<\/p>\n<p><a href=\"https:\/\/photos.app.goo.gl\/U2d787ny69Y5iXtq5\" target=\"_blank\" rel=\"noopener noreferrer\"><img loading=\"lazy\" decoding=\"async\" class=\"alignleft wp-image-6364\" src=\"https:\/\/agora.xtec.cat\/escjoanardevol\/wp-content\/uploads\/usu550\/2019\/12\/IMG_20191212_104819-768x1024.jpg\" alt=\"\" width=\"375\" height=\"500\" srcset=\"https:\/\/agora.xtec.cat\/escjoanardevol\/wp-content\/uploads\/usu550\/2019\/12\/IMG_20191212_104819-768x1024.jpg 768w, https:\/\/agora.xtec.cat\/escjoanardevol\/wp-content\/uploads\/usu550\/2019\/12\/IMG_20191212_104819-225x300.jpg 225w, https:\/\/agora.xtec.cat\/escjoanardevol\/wp-content\/uploads\/usu550\/2019\/12\/IMG_20191212_104819.jpg 1200w\" sizes=\"auto, (max-width: 375px) 100vw, 375px\" \/><\/a><\/p>\n","protected":false},"excerpt":{"rendered":"<p>El dijous 12 de desembre durant tot el mat\u00ed, els nens i les nenes de l&#8217;escola vam celebrar una jornada de conviv\u00e8ncia tots plegats. Els companys i les companyes de sis\u00e8 ens van organitzar i monitoritzar jocs al pati, de taula i manualitats. Vam jugar&hellip;  <a href=\"https:\/\/agora.xtec.cat\/escjoanardevol\/infantil\/jornada-de-convivencia\/\" title=\"Read Jornada de conviv\u00e8ncia\">Llegeix m\u00e9s\u00bb<\/a><\/p>\n","protected":false},"author":1,"featured_media":6364,"comment_status":"closed","ping_status":"closed","sticky":false,"template":"","format":"standard","meta":{"_bbp_topic_count":0,"_bbp_reply_count":0,"_bbp_total_topic_count":0,"_bbp_total_reply_count":0,"_bbp_voice_count":0,"_bbp_anonymous_reply_count":0,"_bbp_topic_count_hidden":0,"_bbp_reply_count_hidden":0,"_bbp_forum_subforum_count":0,"footnotes":""},"categories":[2,4,5],"tags":[59,75,76,77,93,94,102,103],"class_list":["post-6363","post","type-post","status-publish","format-standard","has-post-thumbnail","hentry","category-infantil","category-portada","category-primaria","tag-activitats","tag-cicle-inicial","tag-cicle-mitja","tag-cicle-superior-2","tag-convivencia","tag-cooperacio","tag-educacio-fisica-2","tag-educacio-infantil"],"post_mailing_queue_ids":[],"_links":{"self":[{"href":"https:\/\/agora.xtec.cat\/escjoanardevol\/wp-json\/wp\/v2\/posts\/6363","targetHints":{"allow":["GET"]}}],"collection":[{"href":"https:\/\/agora.xtec.cat\/escjoanardevol\/wp-json\/wp\/v2\/posts"}],"about":[{"href":"https:\/\/agora.xtec.cat\/escjoanardevol\/wp-json\/wp\/v2\/types\/post"}],"author":[{"embeddable":true,"href":"https:\/\/agora.xtec.cat\/escjoanardevol\/wp-json\/wp\/v2\/users\/1"}],"replies":[{"embeddable":true,"href":"https:\/\/agora.xtec.cat\/escjoanardevol\/wp-json\/wp\/v2\/comments?post=6363"}],"version-history":[{"count":1,"href":"https:\/\/agora.xtec.cat\/escjoanardevol\/wp-json\/wp\/v2\/posts\/6363\/revisions"}],"predecessor-version":[{"id":6365,"href":"https:\/\/agora.xtec.cat\/escjoanardevol\/wp-json\/wp\/v2\/posts\/6363\/revisions\/6365"}],"wp:featuredmedia":[{"embeddable":true,"href":"https:\/\/agora.xtec.cat\/escjoanardevol\/wp-json\/wp\/v2\/media\/6364"}],"wp:attachment":[{"href":"https:\/\/agora.xtec.cat\/escjoanardevol\/wp-json\/wp\/v2\/media?parent=6363"}],"wp:term":[{"taxonomy":"category","embeddable":true,"href":"https:\/\/agora.xtec.cat\/escjoanardevol\/wp-json\/wp\/v2\/categories?post=6363"},{"taxonomy":"post_tag","embeddable":true,"href":"https:\/\/agora.xtec.cat\/escjoanardevol\/wp-json\/wp\/v2\/tags?post=6363"}],"curies":[{"name":"wp","href":"https:\/\/api.w.org\/{rel}","templated":true}]}}