{"id":6346,"date":"2019-11-21T18:03:09","date_gmt":"2019-11-21T17:03:09","guid":{"rendered":"http:\/\/agora.xtec.cat\/escjoanardevol\/?p=6346"},"modified":"2019-11-21T18:03:09","modified_gmt":"2019-11-21T17:03:09","slug":"p5-visita-els-bombers","status":"publish","type":"post","link":"https:\/\/agora.xtec.cat\/escjoanardevol\/portada\/p5-visita-els-bombers\/","title":{"rendered":"P5 visita els bombers"},"content":{"rendered":"<p>Dilluns passat vam anar amb el trenet al parc de bombers de Cambrils. Vam aprendre coses sobre l&#8217;ofici de bomber i, fins i tot, vam poder practicar amb la m\u00e0nega, posar-nos l&#8217;uniforme i pujar al cami\u00f3 perqu\u00e8 els bombers van ser molt amables amb nosaltres. Vam visitar les seves depend\u00e8ncies i ens van explicar moltes coses interessants. Ens va agradar molt la visita.<\/p>\n<p><a href=\"https:\/\/photos.app.goo.gl\/T8Ww3E2NSEnmTdvN6\" target=\"_blank\" rel=\"noopener noreferrer\"><img loading=\"lazy\" decoding=\"async\" class=\"alignleft wp-image-6347\" src=\"https:\/\/agora.xtec.cat\/escjoanardevol\/wp-content\/uploads\/usu550\/2019\/11\/IMG_6949-c\u00f2pia-1024x768.jpg\" alt=\"\" width=\"500\" height=\"375\" srcset=\"https:\/\/agora.xtec.cat\/escjoanardevol\/wp-content\/uploads\/usu550\/2019\/11\/IMG_6949-c\u00f2pia-1024x768.jpg 1024w, https:\/\/agora.xtec.cat\/escjoanardevol\/wp-content\/uploads\/usu550\/2019\/11\/IMG_6949-c\u00f2pia-300x225.jpg 300w, https:\/\/agora.xtec.cat\/escjoanardevol\/wp-content\/uploads\/usu550\/2019\/11\/IMG_6949-c\u00f2pia-768x576.jpg 768w, https:\/\/agora.xtec.cat\/escjoanardevol\/wp-content\/uploads\/usu550\/2019\/11\/IMG_6949-c\u00f2pia-200x150.jpg 200w\" sizes=\"auto, (max-width: 500px) 100vw, 500px\" \/><\/a><\/p>\n","protected":false},"excerpt":{"rendered":"<p>Dilluns passat vam anar amb el trenet al parc de bombers de Cambrils. Vam aprendre coses sobre l&#8217;ofici de bomber i, fins i tot, vam poder practicar amb la m\u00e0nega, posar-nos l&#8217;uniforme i pujar al cami\u00f3 perqu\u00e8 els bombers van ser molt amables amb nosaltres.&hellip;  <a href=\"https:\/\/agora.xtec.cat\/escjoanardevol\/portada\/p5-visita-els-bombers\/\" title=\"Read P5 visita els bombers\">Llegeix m\u00e9s\u00bb<\/a><\/p>\n","protected":false},"author":1,"featured_media":6347,"comment_status":"closed","ping_status":"closed","sticky":false,"template":"","format":"standard","meta":{"_bbp_topic_count":0,"_bbp_reply_count":0,"_bbp_total_topic_count":0,"_bbp_total_reply_count":0,"_bbp_voice_count":0,"_bbp_anonymous_reply_count":0,"_bbp_topic_count_hidden":0,"_bbp_reply_count_hidden":0,"_bbp_forum_subforum_count":0,"footnotes":""},"categories":[9,4],"tags":[59,103,16,182,187],"class_list":["post-6346","post","type-post","status-publish","format-standard","has-post-thumbnail","hentry","category-p5","category-portada","tag-activitats","tag-educacio-infantil","tag-sortides","tag-treball","tag-valors"],"post_mailing_queue_ids":[],"_links":{"self":[{"href":"https:\/\/agora.xtec.cat\/escjoanardevol\/wp-json\/wp\/v2\/posts\/6346","targetHints":{"allow":["GET"]}}],"collection":[{"href":"https:\/\/agora.xtec.cat\/escjoanardevol\/wp-json\/wp\/v2\/posts"}],"about":[{"href":"https:\/\/agora.xtec.cat\/escjoanardevol\/wp-json\/wp\/v2\/types\/post"}],"author":[{"embeddable":true,"href":"https:\/\/agora.xtec.cat\/escjoanardevol\/wp-json\/wp\/v2\/users\/1"}],"replies":[{"embeddable":true,"href":"https:\/\/agora.xtec.cat\/escjoanardevol\/wp-json\/wp\/v2\/comments?post=6346"}],"version-history":[{"count":1,"href":"https:\/\/agora.xtec.cat\/escjoanardevol\/wp-json\/wp\/v2\/posts\/6346\/revisions"}],"predecessor-version":[{"id":6348,"href":"https:\/\/agora.xtec.cat\/escjoanardevol\/wp-json\/wp\/v2\/posts\/6346\/revisions\/6348"}],"wp:featuredmedia":[{"embeddable":true,"href":"https:\/\/agora.xtec.cat\/escjoanardevol\/wp-json\/wp\/v2\/media\/6347"}],"wp:attachment":[{"href":"https:\/\/agora.xtec.cat\/escjoanardevol\/wp-json\/wp\/v2\/media?parent=6346"}],"wp:term":[{"taxonomy":"category","embeddable":true,"href":"https:\/\/agora.xtec.cat\/escjoanardevol\/wp-json\/wp\/v2\/categories?post=6346"},{"taxonomy":"post_tag","embeddable":true,"href":"https:\/\/agora.xtec.cat\/escjoanardevol\/wp-json\/wp\/v2\/tags?post=6346"}],"curies":[{"name":"wp","href":"https:\/\/api.w.org\/{rel}","templated":true}]}}