{"id":6340,"date":"2019-11-18T18:07:19","date_gmt":"2019-11-18T17:07:19","guid":{"rendered":"http:\/\/agora.xtec.cat\/escjoanardevol\/?p=6340"},"modified":"2019-11-18T18:07:19","modified_gmt":"2019-11-18T17:07:19","slug":"setmana-europea-de-la-prevencio-de-residus-2","status":"publish","type":"post","link":"https:\/\/agora.xtec.cat\/escjoanardevol\/portada\/setmana-europea-de-la-prevencio-de-residus-2\/","title":{"rendered":"Setmana Europea de la prevenci\u00f3 de residus"},"content":{"rendered":"<p>Al llarg d\u2019aquesta setmana l\u2019escola participa en la Setmana Europea de la Prevenci\u00f3 de Residus, la qual \u00e9s una oportunitat \u00fanica per valorar les iniciatives existents i iniciar una nova acci\u00f3 de llarg termini per reduir els residus.<br \/>\nLa setmana passada vam fer una diagnosi de \u201cQuin esmorzar portem i com l\u2019emboliquem?\u201d. Aquesta setmana, els Ardegreens, amb el lema \u201cEls petits canvis, canvien el m\u00f3n\u201d, s\u00f3n els encarregats de fer campanya mitjan\u00e7ant els consells d\u2019en Verdi. La missi\u00f3 \u00e9s conscienciar sobre la reducci\u00f3 d&#8217;embolcalls de pl\u00e0stic en els esmorzars i fomentar h\u00e0bits d&#8217;alimentaci\u00f3 saludables.<br \/>\nAl llarg de tota la setmana repartiran els consells per cada classe i es recolliran propostes que es portaran al proper Consell de Delegats.<\/p>\n<p><a href=\"https:\/\/agora.xtec.cat\/escjoanardevol\/wp-content\/uploads\/usu550\/2019\/11\/IMG_20191118_113205.jpg\"><img loading=\"lazy\" decoding=\"async\" class=\"alignleft wp-image-6341\" src=\"https:\/\/agora.xtec.cat\/escjoanardevol\/wp-content\/uploads\/usu550\/2019\/11\/IMG_20191118_113205-1024x768.jpg\" alt=\"\" width=\"500\" height=\"375\" srcset=\"https:\/\/agora.xtec.cat\/escjoanardevol\/wp-content\/uploads\/usu550\/2019\/11\/IMG_20191118_113205-1024x768.jpg 1024w, https:\/\/agora.xtec.cat\/escjoanardevol\/wp-content\/uploads\/usu550\/2019\/11\/IMG_20191118_113205-300x225.jpg 300w, https:\/\/agora.xtec.cat\/escjoanardevol\/wp-content\/uploads\/usu550\/2019\/11\/IMG_20191118_113205-768x576.jpg 768w, https:\/\/agora.xtec.cat\/escjoanardevol\/wp-content\/uploads\/usu550\/2019\/11\/IMG_20191118_113205-200x150.jpg 200w\" sizes=\"auto, (max-width: 500px) 100vw, 500px\" \/><\/a> <a href=\"https:\/\/agora.xtec.cat\/escjoanardevol\/wp-content\/uploads\/usu550\/2019\/11\/IMG_20191118_113738.jpg\"><img loading=\"lazy\" decoding=\"async\" class=\"alignleft wp-image-6342\" src=\"https:\/\/agora.xtec.cat\/escjoanardevol\/wp-content\/uploads\/usu550\/2019\/11\/IMG_20191118_113738-1024x768.jpg\" alt=\"\" width=\"500\" height=\"375\" srcset=\"https:\/\/agora.xtec.cat\/escjoanardevol\/wp-content\/uploads\/usu550\/2019\/11\/IMG_20191118_113738-1024x768.jpg 1024w, https:\/\/agora.xtec.cat\/escjoanardevol\/wp-content\/uploads\/usu550\/2019\/11\/IMG_20191118_113738-300x225.jpg 300w, https:\/\/agora.xtec.cat\/escjoanardevol\/wp-content\/uploads\/usu550\/2019\/11\/IMG_20191118_113738-768x576.jpg 768w, https:\/\/agora.xtec.cat\/escjoanardevol\/wp-content\/uploads\/usu550\/2019\/11\/IMG_20191118_113738-200x150.jpg 200w\" sizes=\"auto, (max-width: 500px) 100vw, 500px\" \/><\/a><\/p>\n","protected":false},"excerpt":{"rendered":"<p>Al llarg d\u2019aquesta setmana l\u2019escola participa en la Setmana Europea de la Prevenci\u00f3 de Residus, la qual \u00e9s una oportunitat \u00fanica per valorar les iniciatives existents i iniciar una nova acci\u00f3 de llarg termini per reduir els residus.<br \/>\nLa setmana passada vam fer una diagnosi de&hellip;  <a href=\"https:\/\/agora.xtec.cat\/escjoanardevol\/portada\/setmana-europea-de-la-prevencio-de-residus-2\/\" title=\"Read Setmana Europea de la prevenci\u00f3 de residus\">Llegeix m\u00e9s\u00bb<\/a><\/p>\n","protected":false},"author":1,"featured_media":6341,"comment_status":"closed","ping_status":"closed","sticky":false,"template":"","format":"standard","meta":{"_bbp_topic_count":0,"_bbp_reply_count":0,"_bbp_total_topic_count":0,"_bbp_total_reply_count":0,"_bbp_voice_count":0,"_bbp_anonymous_reply_count":0,"_bbp_topic_count_hidden":0,"_bbp_reply_count_hidden":0,"_bbp_forum_subforum_count":0,"footnotes":""},"categories":[15,206,4,5],"tags":[59,77,108,164],"class_list":["post-6340","post","type-post","status-publish","format-standard","has-post-thumbnail","hentry","category-6e","category-verda","category-portada","category-primaria","tag-activitats","tag-cicle-superior-2","tag-escola-verda","tag-reciclatge"],"post_mailing_queue_ids":[],"_links":{"self":[{"href":"https:\/\/agora.xtec.cat\/escjoanardevol\/wp-json\/wp\/v2\/posts\/6340","targetHints":{"allow":["GET"]}}],"collection":[{"href":"https:\/\/agora.xtec.cat\/escjoanardevol\/wp-json\/wp\/v2\/posts"}],"about":[{"href":"https:\/\/agora.xtec.cat\/escjoanardevol\/wp-json\/wp\/v2\/types\/post"}],"author":[{"embeddable":true,"href":"https:\/\/agora.xtec.cat\/escjoanardevol\/wp-json\/wp\/v2\/users\/1"}],"replies":[{"embeddable":true,"href":"https:\/\/agora.xtec.cat\/escjoanardevol\/wp-json\/wp\/v2\/comments?post=6340"}],"version-history":[{"count":1,"href":"https:\/\/agora.xtec.cat\/escjoanardevol\/wp-json\/wp\/v2\/posts\/6340\/revisions"}],"predecessor-version":[{"id":6343,"href":"https:\/\/agora.xtec.cat\/escjoanardevol\/wp-json\/wp\/v2\/posts\/6340\/revisions\/6343"}],"wp:featuredmedia":[{"embeddable":true,"href":"https:\/\/agora.xtec.cat\/escjoanardevol\/wp-json\/wp\/v2\/media\/6341"}],"wp:attachment":[{"href":"https:\/\/agora.xtec.cat\/escjoanardevol\/wp-json\/wp\/v2\/media?parent=6340"}],"wp:term":[{"taxonomy":"category","embeddable":true,"href":"https:\/\/agora.xtec.cat\/escjoanardevol\/wp-json\/wp\/v2\/categories?post=6340"},{"taxonomy":"post_tag","embeddable":true,"href":"https:\/\/agora.xtec.cat\/escjoanardevol\/wp-json\/wp\/v2\/tags?post=6340"}],"curies":[{"name":"wp","href":"https:\/\/api.w.org\/{rel}","templated":true}]}}