{"id":6333,"date":"2019-11-14T11:00:13","date_gmt":"2019-11-14T10:00:13","guid":{"rendered":"http:\/\/agora.xtec.cat\/escjoanardevol\/?p=6333"},"modified":"2019-11-14T09:53:27","modified_gmt":"2019-11-14T08:53:27","slug":"toquem-els-romans-2","status":"publish","type":"post","link":"https:\/\/agora.xtec.cat\/escjoanardevol\/general\/toquem-els-romans-2\/","title":{"rendered":"Toquem els romans"},"content":{"rendered":"<p>Els passats dimarts 29 d&#8217;octubre i 12 de novembre, els alumnes de 6\u00e8 vam realitzar una visita dinamitzada a la Vil\u00b7la romana de la Llosa. L&#8217;activitat forma part del projecte &#8220;Mare Nostrum&#8221; que estem desenvolupant a l&#8217;\u00e0rea de medi.<\/p>\n<p>El taller ens va servir per situar-nos cronol\u00f2gicament a l&#8217;\u00e8poca romana i con\u00e8ixer com vivien els nostres avantpassats. Va ser una activitat molt interessant.<\/p>\n<p><a href=\"https:\/\/agora.xtec.cat\/escjoanardevol\/wp-content\/uploads\/usu550\/2019\/11\/20191029_101213def.jpg\"><img loading=\"lazy\" decoding=\"async\" class=\"wp-image-6335 alignleft\" src=\"https:\/\/agora.xtec.cat\/escjoanardevol\/wp-content\/uploads\/usu550\/2019\/11\/20191029_101213def-1024x768.jpg\" alt=\"\" width=\"484\" height=\"363\" srcset=\"https:\/\/agora.xtec.cat\/escjoanardevol\/wp-content\/uploads\/usu550\/2019\/11\/20191029_101213def.jpg 1024w, https:\/\/agora.xtec.cat\/escjoanardevol\/wp-content\/uploads\/usu550\/2019\/11\/20191029_101213def-300x225.jpg 300w, https:\/\/agora.xtec.cat\/escjoanardevol\/wp-content\/uploads\/usu550\/2019\/11\/20191029_101213def-768x576.jpg 768w, https:\/\/agora.xtec.cat\/escjoanardevol\/wp-content\/uploads\/usu550\/2019\/11\/20191029_101213def-200x150.jpg 200w\" sizes=\"auto, (max-width: 484px) 100vw, 484px\" \/><\/a><a href=\"https:\/\/agora.xtec.cat\/escjoanardevol\/wp-content\/uploads\/usu550\/2019\/11\/IMG-20191112-WA0010.jpg\"><img loading=\"lazy\" decoding=\"async\" class=\"alignleft wp-image-6334\" src=\"https:\/\/agora.xtec.cat\/escjoanardevol\/wp-content\/uploads\/usu550\/2019\/11\/IMG-20191112-WA0010-1024x768.jpg\" alt=\"\" width=\"481\" height=\"361\" srcset=\"https:\/\/agora.xtec.cat\/escjoanardevol\/wp-content\/uploads\/usu550\/2019\/11\/IMG-20191112-WA0010-1024x768.jpg 1024w, https:\/\/agora.xtec.cat\/escjoanardevol\/wp-content\/uploads\/usu550\/2019\/11\/IMG-20191112-WA0010-300x225.jpg 300w, https:\/\/agora.xtec.cat\/escjoanardevol\/wp-content\/uploads\/usu550\/2019\/11\/IMG-20191112-WA0010-768x576.jpg 768w, https:\/\/agora.xtec.cat\/escjoanardevol\/wp-content\/uploads\/usu550\/2019\/11\/IMG-20191112-WA0010-200x150.jpg 200w, https:\/\/agora.xtec.cat\/escjoanardevol\/wp-content\/uploads\/usu550\/2019\/11\/IMG-20191112-WA0010.jpg 2048w\" sizes=\"auto, (max-width: 481px) 100vw, 481px\" \/><\/a><\/p>\n","protected":false},"excerpt":{"rendered":"<p>Els passats dimarts 29 d&#8217;octubre i 12 de novembre, els alumnes de 6\u00e8 vam realitzar una visita dinamitzada a la Vil\u00b7la romana de la Llosa. L&#8217;activitat forma part del projecte &#8220;Mare Nostrum&#8221; que estem desenvolupant a l&#8217;\u00e0rea de medi.<br \/>\nEl taller ens va servir per situar-nos&hellip;  <a href=\"https:\/\/agora.xtec.cat\/escjoanardevol\/general\/toquem-els-romans-2\/\" title=\"Read Toquem els romans\">Llegeix m\u00e9s\u00bb<\/a><\/p>\n","protected":false},"author":33,"featured_media":6334,"comment_status":"closed","ping_status":"closed","sticky":false,"template":"","format":"standard","meta":{"_bbp_topic_count":0,"_bbp_reply_count":0,"_bbp_total_topic_count":0,"_bbp_total_reply_count":0,"_bbp_voice_count":0,"_bbp_anonymous_reply_count":0,"_bbp_topic_count_hidden":0,"_bbp_reply_count_hidden":0,"_bbp_forum_subforum_count":0,"footnotes":""},"categories":[15,1,4,5],"tags":[59,77,119,140,170],"class_list":["post-6333","post","type-post","status-publish","format-standard","has-post-thumbnail","hentry","category-6e","category-general","category-portada","category-primaria","tag-activitats","tag-cicle-superior-2","tag-historia","tag-medi","tag-sise"],"post_mailing_queue_ids":[],"_links":{"self":[{"href":"https:\/\/agora.xtec.cat\/escjoanardevol\/wp-json\/wp\/v2\/posts\/6333","targetHints":{"allow":["GET"]}}],"collection":[{"href":"https:\/\/agora.xtec.cat\/escjoanardevol\/wp-json\/wp\/v2\/posts"}],"about":[{"href":"https:\/\/agora.xtec.cat\/escjoanardevol\/wp-json\/wp\/v2\/types\/post"}],"author":[{"embeddable":true,"href":"https:\/\/agora.xtec.cat\/escjoanardevol\/wp-json\/wp\/v2\/users\/33"}],"replies":[{"embeddable":true,"href":"https:\/\/agora.xtec.cat\/escjoanardevol\/wp-json\/wp\/v2\/comments?post=6333"}],"version-history":[{"count":2,"href":"https:\/\/agora.xtec.cat\/escjoanardevol\/wp-json\/wp\/v2\/posts\/6333\/revisions"}],"predecessor-version":[{"id":6337,"href":"https:\/\/agora.xtec.cat\/escjoanardevol\/wp-json\/wp\/v2\/posts\/6333\/revisions\/6337"}],"wp:featuredmedia":[{"embeddable":true,"href":"https:\/\/agora.xtec.cat\/escjoanardevol\/wp-json\/wp\/v2\/media\/6334"}],"wp:attachment":[{"href":"https:\/\/agora.xtec.cat\/escjoanardevol\/wp-json\/wp\/v2\/media?parent=6333"}],"wp:term":[{"taxonomy":"category","embeddable":true,"href":"https:\/\/agora.xtec.cat\/escjoanardevol\/wp-json\/wp\/v2\/categories?post=6333"},{"taxonomy":"post_tag","embeddable":true,"href":"https:\/\/agora.xtec.cat\/escjoanardevol\/wp-json\/wp\/v2\/tags?post=6333"}],"curies":[{"name":"wp","href":"https:\/\/api.w.org\/{rel}","templated":true}]}}