{"id":6329,"date":"2019-11-13T11:09:40","date_gmt":"2019-11-13T10:09:40","guid":{"rendered":"http:\/\/agora.xtec.cat\/escjoanardevol\/?p=6329"},"modified":"2019-11-13T11:10:39","modified_gmt":"2019-11-13T10:10:39","slug":"colonies-de-p5-2","status":"publish","type":"post","link":"https:\/\/agora.xtec.cat\/escjoanardevol\/infantil\/colonies-de-p5-2\/","title":{"rendered":"Col\u00f2nies de P5"},"content":{"rendered":"<p>Dijous i divendres passat vam fer les col\u00f2nies a P5. Com cada any vam anar a la casa de col\u00f2nies La Marinada, de Cambrils. Van ser dos dies molt especials on vam gaudir molt, a la vegada que vam aprendre moltes coses sobre el mar i l&#8217;ofici de mariner i tamb\u00e9 sobre nosaltres mateixos. Amb l&#8217;avi Miquel i el pirata Patacreck vam aprendre el valor de la col\u00b7laboraci\u00f3 i vam posar a prova qualitats com ara la for\u00e7a, la velocitat i la mem\u00f2ria. Vam treballar l&#8217;autonomia i el millor de tot \u00e9s que vam estar dos dies junts molt divertits.<br \/>\nMoltes gr\u00e0cies a la casa de col\u00f2nies La Marinada i a l&#8217;Edu, el nostre monitor, que ho va fer superb\u00e9!!!<\/p>\n<p><a href=\"https:\/\/photos.app.goo.gl\/6NutzsRae2s4tPmH7\" target=\"_blank\" rel=\"noopener noreferrer\"><img loading=\"lazy\" decoding=\"async\" class=\"alignleft wp-image-6330\" src=\"https:\/\/agora.xtec.cat\/escjoanardevol\/wp-content\/uploads\/usu550\/2019\/11\/20191107_162912-c\u00f2pia-1024x768.jpg\" alt=\"\" width=\"500\" height=\"375\" srcset=\"https:\/\/agora.xtec.cat\/escjoanardevol\/wp-content\/uploads\/usu550\/2019\/11\/20191107_162912-c\u00f2pia-1024x768.jpg 1024w, https:\/\/agora.xtec.cat\/escjoanardevol\/wp-content\/uploads\/usu550\/2019\/11\/20191107_162912-c\u00f2pia-300x225.jpg 300w, https:\/\/agora.xtec.cat\/escjoanardevol\/wp-content\/uploads\/usu550\/2019\/11\/20191107_162912-c\u00f2pia-768x576.jpg 768w, https:\/\/agora.xtec.cat\/escjoanardevol\/wp-content\/uploads\/usu550\/2019\/11\/20191107_162912-c\u00f2pia-200x150.jpg 200w, https:\/\/agora.xtec.cat\/escjoanardevol\/wp-content\/uploads\/usu550\/2019\/11\/20191107_162912-c\u00f2pia.jpg 2016w\" sizes=\"auto, (max-width: 500px) 100vw, 500px\" \/><\/a><\/p>\n","protected":false},"excerpt":{"rendered":"<p>Dijous i divendres passat vam fer les col\u00f2nies a P5. Com cada any vam anar a la casa de col\u00f2nies La Marinada, de Cambrils. Van ser dos dies molt especials on vam gaudir molt, a la vegada que vam aprendre moltes coses sobre el mar&hellip;  <a href=\"https:\/\/agora.xtec.cat\/escjoanardevol\/infantil\/colonies-de-p5-2\/\" title=\"Read Col\u00f2nies de P5\">Llegeix m\u00e9s\u00bb<\/a><\/p>\n","protected":false},"author":1,"featured_media":6332,"comment_status":"closed","ping_status":"closed","sticky":false,"template":"","format":"standard","meta":{"_bbp_topic_count":0,"_bbp_reply_count":0,"_bbp_total_topic_count":0,"_bbp_total_reply_count":0,"_bbp_voice_count":0,"_bbp_anonymous_reply_count":0,"_bbp_topic_count_hidden":0,"_bbp_reply_count_hidden":0,"_bbp_forum_subforum_count":0,"footnotes":""},"categories":[2,9,4],"tags":[59,86,93,103,16],"class_list":["post-6329","post","type-post","status-publish","format-standard","has-post-thumbnail","hentry","category-infantil","category-p5","category-portada","tag-activitats","tag-colonies","tag-convivencia","tag-educacio-infantil","tag-sortides"],"post_mailing_queue_ids":[],"_links":{"self":[{"href":"https:\/\/agora.xtec.cat\/escjoanardevol\/wp-json\/wp\/v2\/posts\/6329","targetHints":{"allow":["GET"]}}],"collection":[{"href":"https:\/\/agora.xtec.cat\/escjoanardevol\/wp-json\/wp\/v2\/posts"}],"about":[{"href":"https:\/\/agora.xtec.cat\/escjoanardevol\/wp-json\/wp\/v2\/types\/post"}],"author":[{"embeddable":true,"href":"https:\/\/agora.xtec.cat\/escjoanardevol\/wp-json\/wp\/v2\/users\/1"}],"replies":[{"embeddable":true,"href":"https:\/\/agora.xtec.cat\/escjoanardevol\/wp-json\/wp\/v2\/comments?post=6329"}],"version-history":[{"count":1,"href":"https:\/\/agora.xtec.cat\/escjoanardevol\/wp-json\/wp\/v2\/posts\/6329\/revisions"}],"predecessor-version":[{"id":6331,"href":"https:\/\/agora.xtec.cat\/escjoanardevol\/wp-json\/wp\/v2\/posts\/6329\/revisions\/6331"}],"wp:featuredmedia":[{"embeddable":true,"href":"https:\/\/agora.xtec.cat\/escjoanardevol\/wp-json\/wp\/v2\/media\/6332"}],"wp:attachment":[{"href":"https:\/\/agora.xtec.cat\/escjoanardevol\/wp-json\/wp\/v2\/media?parent=6329"}],"wp:term":[{"taxonomy":"category","embeddable":true,"href":"https:\/\/agora.xtec.cat\/escjoanardevol\/wp-json\/wp\/v2\/categories?post=6329"},{"taxonomy":"post_tag","embeddable":true,"href":"https:\/\/agora.xtec.cat\/escjoanardevol\/wp-json\/wp\/v2\/tags?post=6329"}],"curies":[{"name":"wp","href":"https:\/\/api.w.org\/{rel}","templated":true}]}}