{"id":6326,"date":"2019-11-12T16:08:23","date_gmt":"2019-11-12T15:08:23","guid":{"rendered":"http:\/\/agora.xtec.cat\/escjoanardevol\/?p=6326"},"modified":"2019-11-12T16:08:23","modified_gmt":"2019-11-12T15:08:23","slug":"els-alumnes-de-4t-a-la-torre-de-lesquirol","status":"publish","type":"post","link":"https:\/\/agora.xtec.cat\/escjoanardevol\/portada\/els-alumnes-de-4t-a-la-torre-de-lesquirol\/","title":{"rendered":"Els alumnes de 4t a la Torre de l&#8217;Esquirol"},"content":{"rendered":"<p>Els alumnes de 4rt hem anat a la Torre de l\u2019Esquirol. \u00c9s una torre que est\u00e0 al davant de la platja, tamb\u00e9 li deien la Torre del Tel\u00e8graf, perqu\u00e8 tenia una funci\u00f3 de telegrafia \u00f2ptica. Aquesta torre rebia senyals de la Torre de l\u2019ermita i les enviava a una altra situada en direcci\u00f3 a Salou. Vam aprendre com s\u2019enviaven els missatges des de Madrid a la Jonquera al segle XIX. Es diu torre de l\u2019Esquirol perqu\u00e8 l\u2019amo d\u2019aquells terrenys tenia aquest cognom.<\/p>\n<p><a href=\"https:\/\/photos.app.goo.gl\/A1b6h2nABPkYYyD3A\" target=\"_blank\" rel=\"noopener noreferrer\"><img loading=\"lazy\" decoding=\"async\" class=\"alignleft wp-image-6327\" src=\"https:\/\/agora.xtec.cat\/escjoanardevol\/wp-content\/uploads\/usu550\/2019\/11\/IMG_3165-c\u00f2pia-1024x768.jpg\" alt=\"\" width=\"500\" height=\"375\" srcset=\"https:\/\/agora.xtec.cat\/escjoanardevol\/wp-content\/uploads\/usu550\/2019\/11\/IMG_3165-c\u00f2pia-1024x768.jpg 1024w, https:\/\/agora.xtec.cat\/escjoanardevol\/wp-content\/uploads\/usu550\/2019\/11\/IMG_3165-c\u00f2pia-300x225.jpg 300w, https:\/\/agora.xtec.cat\/escjoanardevol\/wp-content\/uploads\/usu550\/2019\/11\/IMG_3165-c\u00f2pia-768x576.jpg 768w, https:\/\/agora.xtec.cat\/escjoanardevol\/wp-content\/uploads\/usu550\/2019\/11\/IMG_3165-c\u00f2pia-200x150.jpg 200w\" sizes=\"auto, (max-width: 500px) 100vw, 500px\" \/><\/a><\/p>\n","protected":false},"excerpt":{"rendered":"<p>Els alumnes de 4rt hem anat a la Torre de l\u2019Esquirol. \u00c9s una torre que est\u00e0 al davant de la platja, tamb\u00e9 li deien la Torre del Tel\u00e8graf, perqu\u00e8 tenia una funci\u00f3 de telegrafia \u00f2ptica. Aquesta torre rebia senyals de la Torre de l\u2019ermita i&hellip;  <a href=\"https:\/\/agora.xtec.cat\/escjoanardevol\/portada\/els-alumnes-de-4t-a-la-torre-de-lesquirol\/\" title=\"Read Els alumnes de 4t a la Torre de l&#8217;Esquirol\">Llegeix m\u00e9s\u00bb<\/a><\/p>\n","protected":false},"author":1,"featured_media":6327,"comment_status":"closed","ping_status":"closed","sticky":false,"template":"","format":"standard","meta":{"_bbp_topic_count":0,"_bbp_reply_count":0,"_bbp_total_topic_count":0,"_bbp_total_reply_count":0,"_bbp_voice_count":0,"_bbp_anonymous_reply_count":0,"_bbp_topic_count_hidden":0,"_bbp_reply_count_hidden":0,"_bbp_forum_subforum_count":0,"footnotes":""},"categories":[13,4],"tags":[59,76,140,16],"class_list":["post-6326","post","type-post","status-publish","format-standard","has-post-thumbnail","hentry","category-4t","category-portada","tag-activitats","tag-cicle-mitja","tag-medi","tag-sortides"],"post_mailing_queue_ids":[],"_links":{"self":[{"href":"https:\/\/agora.xtec.cat\/escjoanardevol\/wp-json\/wp\/v2\/posts\/6326","targetHints":{"allow":["GET"]}}],"collection":[{"href":"https:\/\/agora.xtec.cat\/escjoanardevol\/wp-json\/wp\/v2\/posts"}],"about":[{"href":"https:\/\/agora.xtec.cat\/escjoanardevol\/wp-json\/wp\/v2\/types\/post"}],"author":[{"embeddable":true,"href":"https:\/\/agora.xtec.cat\/escjoanardevol\/wp-json\/wp\/v2\/users\/1"}],"replies":[{"embeddable":true,"href":"https:\/\/agora.xtec.cat\/escjoanardevol\/wp-json\/wp\/v2\/comments?post=6326"}],"version-history":[{"count":1,"href":"https:\/\/agora.xtec.cat\/escjoanardevol\/wp-json\/wp\/v2\/posts\/6326\/revisions"}],"predecessor-version":[{"id":6328,"href":"https:\/\/agora.xtec.cat\/escjoanardevol\/wp-json\/wp\/v2\/posts\/6326\/revisions\/6328"}],"wp:featuredmedia":[{"embeddable":true,"href":"https:\/\/agora.xtec.cat\/escjoanardevol\/wp-json\/wp\/v2\/media\/6327"}],"wp:attachment":[{"href":"https:\/\/agora.xtec.cat\/escjoanardevol\/wp-json\/wp\/v2\/media?parent=6326"}],"wp:term":[{"taxonomy":"category","embeddable":true,"href":"https:\/\/agora.xtec.cat\/escjoanardevol\/wp-json\/wp\/v2\/categories?post=6326"},{"taxonomy":"post_tag","embeddable":true,"href":"https:\/\/agora.xtec.cat\/escjoanardevol\/wp-json\/wp\/v2\/tags?post=6326"}],"curies":[{"name":"wp","href":"https:\/\/api.w.org\/{rel}","templated":true}]}}